{"id":727552,"date":"2025-03-12T19:17:23","date_gmt":"2025-03-12T18:17:23","guid":{"rendered":"https:\/\/cita-aragon.es\/?p=727552"},"modified":"2025-03-12T19:21:15","modified_gmt":"2025-03-12T18:21:15","slug":"aragon-participa-en-la-feria-transfiere-2025-el-foro-europeo-para-la-ciencia-tecnologia-e-innovacion","status":"publish","type":"post","link":"https:\/\/cita-aragon.es\/en\/aragon-participa-en-la-feria-transfiere-2025-el-foro-europeo-para-la-ciencia-tecnologia-e-innovacion\/","title":{"rendered":"Arag\u00f3n participa en la Feria Transfiere 2025, el Foro Europeo para la Ciencia, Tecnolog\u00eda e Innovaci\u00f3n"},"content":{"rendered":"<p class=\"paragraph\">Arag\u00f3n participa por segunda vez en la Feria TRANSFIERE 2025, el Foro Europeo para la Ciencia, Tecnolog\u00eda e Innovaci\u00f3n que arranca hoy en M\u00e1laga. Es la decimocuarta edici\u00f3n de un encuentro de referencia para la promoci\u00f3n de la I+D+i y la transferencia de conocimiento.<\/p>\n<p class=\"paragraph\">Este evento, que durar\u00e1 3 d\u00edas, desde hoy hasta el viernes 14 de marzo re\u00fane a empresas, universidades y entidades p\u00fablicas y privadas del ecosistema de I+D+i, con el objetivo de compartir conocimientos cient\u00edficos y tecnol\u00f3gicos, promover la innovaci\u00f3n y conectar la investigaci\u00f3n con el \u00e1mbito empresarial.<\/p>\n<p class=\"paragraph\">El Foro incluye un programa de contenidos distribuido en m\u00e1s de 100 plenarios y espacios de conferencias, presentaciones y paneles tem\u00e1ticos con la participaci\u00f3n de m\u00e1s de 400 ponentes internacionales. Se abordar\u00e1n disciplinas como la inteligencia artificial, la transformaci\u00f3n digital, la industria 5.0, la financiaci\u00f3n, la inversi\u00f3n, la investigaci\u00f3n y open innovation, entre otros temas relevantes.<\/p>\n<p class=\"paragraph\">El Gobierno de Arag\u00f3n cuenta con un stand institucional en el que participan las Direcciones Generales de Ciencia e Investigaci\u00f3n y de Promoci\u00f3n Industrial e Innovaci\u00f3n, y a las que se suman entidades del ecosistema aragon\u00e9s de I+D+i.<\/p>\n<p class=\"paragraph\">Un stand que va a contar con la presencia de investigadores de:<\/p>\n<p class=\"paragraph\">La Universidad de Zaragoza, el Centro Europeo de Empresas e Innovaci\u00f3n de Arag\u00f3n, el Centro Tecnol\u00f3gico Aitiip, el Centro de Investigaci\u00f3n y Tecnolog\u00eda Agroalimentaria de Arag\u00f3n (CITA), el Instituto Aragon\u00e9s de Ciencias de la Salud (IACS), el Instituto Tecnol\u00f3gico de Arag\u00f3n (ITA), el Laboratorio de Microscop\u00edas Avanzadas (LMA), el Centro de Estudios de F\u00edsica del Cosmos de Arag\u00f3n (CEFCA), y la Fundaci\u00f3n Aragonesa para la Investigaci\u00f3n y el Desarrollo (ARAID).<\/p>\n<p class=\"paragraph\">Entre otros prototipos, se podr\u00e1n ver:<\/p>\n<p class=\"paragraph\">Un sistema mejorado de seguimiento del punto de m\u00e1xima potencia (MPPT) para celdas solares de perovskita y otras tecnolog\u00edas fotovoltaicas emergentes. ( ARAID) .Dos filtros \u00f3pticos de gran formato para observaciones astron\u00f3micas, dise\u00f1ados espec\u00edficamente para la observaci\u00f3n del proyecto cient\u00edfico J-PAS. (CEFCA). Trufas y sus aromas. C\u00f3mo distinguir aroma de trufa real o el que usan en muchos productos y actuaciones en torno a la resistencia a antibi\u00f3ticos, para con una app ver que antibi\u00f3tico ser\u00eda el m\u00e1s adecuado en funci\u00f3n de las resistencias encontradas ( CITA), o el programa matriX para startup ( CEEI Arag\u00f3n).<\/p>\n<p class=\"paragraph\">El Instituto Tecnol\u00f3gico de Arag\u00f3n (ITA) que tambi\u00e9n participa en la feria dentro del espacio del Gobierno de Arag\u00f3n como centro tecnol\u00f3gico de referencia, aprovechar\u00e1 este foro para poner en valor el ecosistema de innovaci\u00f3n aragon\u00e9s, mostrando las capacidades tecnol\u00f3gicas y proyectos que desarrolla en colaboraci\u00f3n con el sector p\u00fablico y privado. El ITA trabaja en estrecha colaboraci\u00f3n con empresas, universidades y otros organismos de I+D para impulsar la digitalizaci\u00f3n, la sostenibilidad y el desarrollo de soluciones avanzadas en sectores clave como la industria, la movilidad, construcci\u00f3n, la energ\u00eda, la agroindustria y la salud.<\/p>\n<p class=\"paragraph\">El Parque Tecnol\u00f3gico Walqa tambi\u00e9n ha acudido a Transfiere 2025 para participar en la Asamblea General de Apte, Asociaci\u00f3n de Parques Tecnol\u00f3gicos de Espa\u00f1a, como parque invitado. Y ser\u00e1 ma\u00f1ana, donde en la Red de Apte el director del parque tecnol\u00f3gico Walqa explicar\u00e1 la evoluci\u00f3n, los planes de futuro y todas las capacidades, espacios y programas existentes en el Parque.<\/p>\n<p class=\"paragraph\">Con esta participaci\u00f3n el Gobierno de Arag\u00f3n reafirma su compromiso con la ciencia, la investigaci\u00f3n, la innovaci\u00f3n y la transferencia del conocimiento y la tecnolog\u00eda al mercado. TRANSFIERE 2025 permitir\u00e1 compartir experiencias, detectar sinergias y promover nuevas iniciativas que faciliten la transferencia del conocimiento y la aplicaci\u00f3n del I+D+i en entornos productivos, contribuyendo al avance de una econom\u00eda basada en la investigaci\u00f3n y la innovaci\u00f3n.<\/p>\n<figure class=\"image-container video-player inline\"><\/figure>\n\n\t\t\t<style type='text\/css'>\n\t\t\t\t#gallery-1 {\n\t\t\t\t\tmargin: auto;\n\t\t\t\t}\n\t\t\t\t#gallery-1 .gallery-item {\n\t\t\t\t\tfloat: left;\n\t\t\t\t\tmargin-top: 10px;\n\t\t\t\t\ttext-align: center;\n\t\t\t\t\twidth: 33%;\n\t\t\t\t}\n\t\t\t\t#gallery-1 img {\n\t\t\t\t\tborder: 2px solid #cfcfcf;\n\t\t\t\t}\n\t\t\t\t#gallery-1 .gallery-caption {\n\t\t\t\t\tmargin-left: 0;\n\t\t\t\t}\n\t\t\t\t\/* see gallery_shortcode() in wp-includes\/media.php *\/\n\t\t\t<\/style>\n\t\t<div id='gallery-1' class='dt-gallery-container gallery galleryid-727552 gallery-columns-3 gallery-size-full'><dl class='gallery-item'>\n\t\t\t\t<dt class='gallery-icon landscape'>\n\t\t\t\t\t<a class=\"rollover\" href='https:\/\/cita-aragon.es\/en\/foro-transiere-2-2\/'><img loading=\"lazy\" decoding=\"async\" width=\"700\" height=\"527\" src=\"https:\/\/cita-aragon.es\/wp-content\/uploads\/Foro-Transiere-2.jpeg\" class=\"attachment-full size-full\" alt=\"\" srcset=\"https:\/\/cita-aragon.es\/wp-content\/uploads\/Foro-Transiere-2.jpeg 700w, https:\/\/cita-aragon.es\/wp-content\/uploads\/Foro-Transiere-2-400x301.jpeg 400w\" sizes=\"(max-width: 700px) 100vw, 700px\" \/><\/a>\n\t\t\t\t<\/dt><\/dl><dl class='gallery-item'>\n\t\t\t\t<dt class='gallery-icon landscape'>\n\t\t\t\t\t<a class=\"rollover\" href='https:\/\/cita-aragon.es\/en\/foro-transfiere-1-2\/'><img loading=\"lazy\" decoding=\"async\" width=\"700\" height=\"527\" src=\"https:\/\/cita-aragon.es\/wp-content\/uploads\/Foro-Transfiere-1.jpeg\" class=\"attachment-full size-full\" alt=\"\" srcset=\"https:\/\/cita-aragon.es\/wp-content\/uploads\/Foro-Transfiere-1.jpeg 700w, https:\/\/cita-aragon.es\/wp-content\/uploads\/Foro-Transfiere-1-400x301.jpeg 400w\" sizes=\"(max-width: 700px) 100vw, 700px\" \/><\/a>\n\t\t\t\t<\/dt><\/dl><dl class='gallery-item'>\n\t\t\t\t<dt class='gallery-icon landscape'>\n\t\t\t\t\t<a class=\"rollover\" href='https:\/\/cita-aragon.es\/en\/foro-transfiere-4-2\/'><img loading=\"lazy\" decoding=\"async\" width=\"1600\" height=\"1204\" src=\"https:\/\/cita-aragon.es\/wp-content\/uploads\/Foro-Transfiere-4.jpg\" class=\"attachment-full size-full\" alt=\"\" srcset=\"https:\/\/cita-aragon.es\/wp-content\/uploads\/Foro-Transfiere-4.jpg 1600w, https:\/\/cita-aragon.es\/wp-content\/uploads\/Foro-Transfiere-4-400x301.jpg 400w, https:\/\/cita-aragon.es\/wp-content\/uploads\/Foro-Transfiere-4-1024x771.jpg 1024w, https:\/\/cita-aragon.es\/wp-content\/uploads\/Foro-Transfiere-4-768x578.jpg 768w, https:\/\/cita-aragon.es\/wp-content\/uploads\/Foro-Transfiere-4-1536x1156.jpg 1536w\" sizes=\"(max-width: 1600px) 100vw, 1600px\" \/><\/a>\n\t\t\t\t<\/dt><\/dl><br style=\"clear: both\" \/>\n\t\t\t<\/div>\n\n","protected":false},"excerpt":{"rendered":"<p>Arag\u00f3n participa por segunda vez en la Feria TRANSFIERE 2025, el Foro Europeo para la Ciencia, Tecnolog\u00eda e Innovaci\u00f3n que arranca hoy en M\u00e1laga. Es la decimocuarta edici\u00f3n de un encuentro de referencia para la promoci\u00f3n de la I+D+i y la transferencia de conocimiento. Este evento, que durar\u00e1 3 d\u00edas, desde hoy hasta el viernes&hellip;<\/p>\n","protected":false},"author":5,"featured_media":727557,"comment_status":"closed","ping_status":"closed","sticky":false,"template":"","format":"standard","meta":{"footnotes":""},"categories":[240,250,244],"tags":[703],"class_list":["post-727552","post","type-post","status-publish","format-standard","has-post-thumbnail","hentry","category-ciencia-animal","category-ciencia-vegetal-2","category-direccion-de-investigacion","tag-foro-transfiere","category-240","category-250","category-244","description-off"],"_links":{"self":[{"href":"https:\/\/cita-aragon.es\/en\/wp-json\/wp\/v2\/posts\/727552"}],"collection":[{"href":"https:\/\/cita-aragon.es\/en\/wp-json\/wp\/v2\/posts"}],"about":[{"href":"https:\/\/cita-aragon.es\/en\/wp-json\/wp\/v2\/types\/post"}],"author":[{"embeddable":true,"href":"https:\/\/cita-aragon.es\/en\/wp-json\/wp\/v2\/users\/5"}],"replies":[{"embeddable":true,"href":"https:\/\/cita-aragon.es\/en\/wp-json\/wp\/v2\/comments?post=727552"}],"version-history":[{"count":2,"href":"https:\/\/cita-aragon.es\/en\/wp-json\/wp\/v2\/posts\/727552\/revisions"}],"predecessor-version":[{"id":727562,"href":"https:\/\/cita-aragon.es\/en\/wp-json\/wp\/v2\/posts\/727552\/revisions\/727562"}],"wp:featuredmedia":[{"embeddable":true,"href":"https:\/\/cita-aragon.es\/en\/wp-json\/wp\/v2\/media\/727557"}],"wp:attachment":[{"href":"https:\/\/cita-aragon.es\/en\/wp-json\/wp\/v2\/media?parent=727552"}],"wp:term":[{"taxonomy":"category","embeddable":true,"href":"https:\/\/cita-aragon.es\/en\/wp-json\/wp\/v2\/categories?post=727552"},{"taxonomy":"post_tag","embeddable":true,"href":"https:\/\/cita-aragon.es\/en\/wp-json\/wp\/v2\/tags?post=727552"}],"curies":[{"name":"wp","href":"https:\/\/api.w.org\/{rel}","templated":true}]}}