{"id":635628,"date":"2024-11-02T11:50:21","date_gmt":"2024-11-02T10:50:21","guid":{"rendered":"https:\/\/cita-aragon.es\/?p=635628"},"modified":"2024-11-03T11:54:56","modified_gmt":"2024-11-03T10:54:56","slug":"el-mayor-proyecto-para-adaptar-los-pirineos-al-cambio-climatico-se-pone-en-marcha-en-aragon","status":"publish","type":"post","link":"https:\/\/cita-aragon.es\/en\/el-mayor-proyecto-para-adaptar-los-pirineos-al-cambio-climatico-se-pone-en-marcha-en-aragon\/","title":{"rendered":"El mayor proyecto para adaptar los Pirineos al cambio clim\u00e1tico se pone en marcha en Arag\u00f3n"},"content":{"rendered":"<div class=\"page-content con\">\n<div id=\"m18-16-19\">\n<article id=\"article-97879\" class=\"article default\" data-history-state=\"0\" data-title=\"El mayor proyecto para adaptar los Pirineos al cambio clim\u00e1tico se pone en marcha en Arag\u00f3n\">\n<div class=\"content-modules\">\n<p class=\"paragraph\">El Gobierno de Arag\u00f3n participa en el mayor proyecto para adaptar los Pirineos al cambio clim\u00e1tico, LIFE PYRENEES4CLIMA, \u2018Hacia una comunidad de monta\u00f1a transfronteriza resiliente al cambio clim\u00e1tico en los Pirineos 2024-2031&#8242;, en el que tambi\u00e9n toman parte otras seis regiones de Espa\u00f1a, Francia y Andorra.<\/p>\n<p class=\"paragraph\">Los Pirineos se ven amenazados por el cambio clim\u00e1tico a un ritmo acelerado, m\u00e1s incluso que otros territorios. Seg\u00fan la comunidad cient\u00edfica, la temperatura ha aumentado en las \u00faltimas seis d\u00e9cadas un 30% m\u00e1s que la media global. La mitigaci\u00f3n de los impactos, amplificados por las actividades humanas, requiere una acci\u00f3n urgente y a gran escala que no repare en fronteras. Y de esa necesidad surge el proyecto europeo.<\/p>\n<p class=\"paragraph\">Coordinado por el Observatorio Pirenaico de Cambio Clim\u00e1tico (OPCC) de la Comunidad de Trabajo de los Pirineos (CTP), se trata de un proyecto que desplegar\u00e1 la primera estrategia transfronteriza de cambio clim\u00e1tico de Europa, la EPiCC, en el entorno local. De hecho, su apuesta por la intervenci\u00f3n en los territorios de la biorregi\u00f3n pirenaica es uno de sus grandes valores. Para ello, a lo largo de los pr\u00f3ximos ocho a\u00f1os, se pondr\u00e1n en marcha 33 casos piloto gracias a esa colaboraci\u00f3n transfronteriza entre siete regiones: Andorra, Arag\u00f3n, Catalu\u00f1a, Navarra, Pa\u00eds Vasco, Occitania y Nueva Aquitania. En total, 46 entidades de las siete regiones desplegar\u00e1n acciones comunes para fortalecer la resiliencia en los Pirineos con la aplicaci\u00f3n de medidas de adaptaci\u00f3n al cambio clim\u00e1tico en varios ejes de trabajo. El presupuesto es de casi 20 millones de euros, de los cuales el 60% est\u00e1 financiado por fondos LIFE.<\/p>\n<p class=\"paragraph\">Arag\u00f3n ser\u00e1 el territorio donde m\u00e1s experiencias se pondr\u00e1n en marcha, un total de 14. Participan como socios del LIFE PYRENEES4CLIMA el Departamento de Medio Ambiente y Turismo del Gobierno de Arag\u00f3n, el Centro de Investigaci\u00f3n y Tecnolog\u00eda Agroalimentaria de Arag\u00f3n (CITA), FUNDESA, varios entes del CSIC (el Instituto Pirenaico de Ecolog\u00eda, el Museo Nacional de Ciencias Naturales y la Unidad de Zaragoza del Centro Nacional Instituto Geol\u00f3gico y Minero de Espa\u00f1a) y la AECT Pirineos-Pyr\u00e9n\u00e9es. Adem\u00e1s, en los diferentes casos piloto intervendr\u00e1n otras entidades transfronterizas.<\/p>\n<p class=\"paragraph\"><strong>Pacto de las Alcald\u00edas<\/strong><\/p>\n<p class=\"paragraph\">Por parte de la Direcci\u00f3n General de Educaci\u00f3n Amibental se est\u00e1 trabajando en el dise\u00f1o e implementaci\u00f3n de una metodolog\u00eda participativa e innovadora para el desarrollo y fomento del Pacto de las Alcald\u00edas en municipios de monta\u00f1a (Pirineo Aragon\u00e9s). El objetivo principal es que los gobiernos locales se corresponsabilicen con los objetivos de reducci\u00f3n de los gases de efecto invernadero y adopten un enfoque com\u00fan para la mitigaci\u00f3n y adaptaci\u00f3n al cambio clim\u00e1tico, as\u00ed como la pobreza energ\u00e9tica.<\/p>\n<p class=\"paragraph\">Para alcanzar este objetivo y promover la acci\u00f3n clim\u00e1tica local en municipios del Pirineo aragon\u00e9s, dadas las singularidades de los municipios de monta\u00f1a y dada sus bajos niveles de adhesi\u00f3n al Pacto de las Alcald\u00edas, se va desarrollar una metodolog\u00eda espec\u00edfica para municipios de monta\u00f1a adecuada a sus peculiaridades y que mediante mecanismos de participaci\u00f3n e innovaci\u00f3n garantice un mayor compromiso de las entidades locales en materia de energ\u00eda y clima. Esta subtarea incluir\u00e1 un proceso participativo innovador y dise\u00f1ado ad hoc, el desarrollo y adaptaci\u00f3n de la metodolog\u00eda del Pacto de las Alcald\u00edas que permita aumentar el \u00e9xito de esta iniciativa.<\/p>\n<p class=\"paragraph\">Uno de los casos que ya est\u00e1 en marcha se desarrolla en Formigal, donde se llevar\u00e1n a cabo buenas pr\u00e1cticas de restauraci\u00f3n ecol\u00f3gica a trav\u00e9s de soluciones basadas en la naturaleza. Liderado por el Conservatorio Bot\u00e1nico Nacional de Midi-Pyr\u00e9n\u00e9es, tiene el objetivo de mejorar los conocimientos y las t\u00e9cnicas de restauraci\u00f3n ecol\u00f3gica de suelos degradados mediante semillas locales. Actualmente, entre otras actividades, el conservatorio est\u00e1 siguiendo experiencias en curso donde ya se ha hecho un diagn\u00f3stico de las necesidades y se ha formado un grupo de trabajo de recolecci\u00f3n de semillas locales silvestres.<\/p>\n<p class=\"paragraph\">Se desarrollar\u00e1n m\u00e1s soluciones basadas en la naturaleza en el Valle de Benasque y Panticosa: dos pilotos se centrar\u00e1n en el rol protector de los bosques y\/o en la construcci\u00f3n de estructuras sencillas con madera frente a los riesgos naturales y clim\u00e1ticos. Liderados por AECT Pirineos-Pyr\u00e9n\u00e9es y el CSIC-Museo Nacional de Ciencias Naturales, se probar\u00e1 c\u00f3mo el bosque puede servir, por una parte, de protecci\u00f3n contra aludes; y, por otra parte, de protecci\u00f3n contra movimientos del terreno, ca\u00edda de bloque, deslizamientos y otros riesgos naturales. Ya han comenzado los trabajos de recopilar, describir e inventariar las soluciones existentes en la cadena pirenaica, con el objetivo de ampliar su aplicabilidad. Adem\u00e1s, se han llevado a cabo levantamientos topogr\u00e1ficos usando drones con sensor LIDAR en las distintas zonas de estudio. Tambi\u00e9n se prev\u00e9 el desarrollo de un emplazamiento experimental para pruebas y ensayos, as\u00ed como un sistema de alerta para situaciones de emergencia.<\/p>\n<p class=\"paragraph\">En la cabecera del r\u00edo G\u00e1llego y en el Parque Nacional de Ordesa y Monte Perdido se explorar\u00e1 el impacto del cambio clim\u00e1tico y la vulnerabilidad de los territorios de alta monta\u00f1a, incluyendo los procesos naturales y las actividades econ\u00f3micas (ganader\u00eda, turismo, recursos h\u00eddricos). Ambos territorios presentan una gran diversidad de paisajes, h\u00e1bitats y usos del suelo representativos del territorio pirenaico. Los resultados informar\u00e1n sobre los posibles cambios de pol\u00edticas para la protecci\u00f3n del \u00e1rea natural y la gesti\u00f3n de los recursos, conservaci\u00f3n de la biodiversidad, ganader\u00eda de monta\u00f1a y turismo y apoyar\u00e1n actividades de divulgaci\u00f3n transfronteriza.<\/p>\n<p class=\"paragraph\">Otra de las grandes apuestas de PYRENEES4CLIMA en Arag\u00f3n es adaptar la econom\u00eda de monta\u00f1a al cambio clim\u00e1tico. En Formigal, se desarrollar\u00e1 un modelo econ\u00f3mico de transici\u00f3n adaptado en las estaciones de esqu\u00ed de monta\u00f1a, mediante el desarrollo de estrategias y modelos para la adaptaci\u00f3n al cambio clim\u00e1tico y transici\u00f3n hacia modelos econ\u00f3micos m\u00e1s resilientes. Este caso piloto est\u00e1 liderado por la Agence des Pyr\u00e9nees (ADP) y, como primera fase, se ha puesto en marcha un estudio de diagn\u00f3stico de los impactos locales del cambio clim\u00e1tico.<\/p>\n<p class=\"paragraph\">En la misma l\u00ednea, en Jaca y Canfranc, se desarrollar\u00e1n nuevos productos tur\u00edsticos, con recursos transfronterizos compartidos y adaptando los territorios al cambio clim\u00e1tico. Liderado por FUNDESA y la ADP, se desarrollar\u00e1n conexiones directas entre las ofertas de movilidad suaves y colectivas (bicicleta y tren) y nuevas ofertas de turismo sostenible, entre otras acciones. Este caso ha identificado dos grandes retos: estimular el uso del tren y estructurar una oferta tur\u00edstica bien pensada y conectada. Entre otros, se han planteado m\u00e1s agroturismos y soluciones de alojamiento tanto a visitantes como a empleados estacionales, o la revalorizaci\u00f3n de las grandes rutas transfronterizas de senderismo (por ejemplo, el Camino de Santiago) desde el punto de vista gastron\u00f3mico mediante la promoci\u00f3n de los terru\u00f1os locales. Ya se han construido herramientas de diagn\u00f3stico y llevado a cabo entrevistas y reuniones con entidades y autoridades locales, y se han construido herramientas de diagn\u00f3stico.<\/p>\n<p class=\"paragraph\">Tambi\u00e9n en Jaca, pero centrado en la mejora de los sistemas de producci\u00f3n ganadera, un piloto liderado por el Instituto Pirenaico de Ecolog\u00eda del CSIC recrear\u00e1 paisajes resilientes, promoviendo la ganader\u00eda extensiva, el pastoreo y los sistemas silvo-pastorales. De esta manera, se mejorar\u00e1 la viabilidad econ\u00f3mica de las explotaciones mientras se mantienen los servicios ecosist\u00e9micos que brindan las actividades ganaderas tradicionales a los ecosistemas pirenaicos. En La Fueva, otro piloto buscar\u00e1 mejorar la comercializaci\u00f3n de los productos de la ganader\u00eda extensiva. Liderado por AECT Pirineos-Pyr\u00e9n\u00e9es, se centrar\u00e1 en el desarrollo de modelos socioecon\u00f3micos locales con ganader\u00eda extensiva y en la disminuci\u00f3n de matorral frente a incendios forestales, para la recuperaci\u00f3n de pastos. Ya se ha planteado un estudio de la cr\u00eda extensiva de cerdos aut\u00f3ctonos y otras especies en los Pirineos, as\u00ed como diferentes casos piloto dirigidos a mitigar el riesgo de incendios forestales.<\/p>\n<p class=\"paragraph\">En Biescas, Lig\u00fcerre de Cinca, Graus y Ara se llevar\u00e1n a cabo experiencias demostrativas lideradas por el CITA para fomentar la recuperaci\u00f3n de pr\u00e1cticas agr\u00edcolas tradicionales y buscar oportunidades emergentes a partir de nuevos cultivos m\u00e1s adaptados al cambio clim\u00e1tico en las zonas de monta\u00f1a. Adem\u00e1s, se dar\u00e1 apoyo t\u00e9cnico a los agricultores de los Pirineos para que puedan desarrollar el cultivo de la trufa o de plantas arom\u00e1ticas y medicinales como oportunidad emergente de diversificaci\u00f3n. PYRENEES4CLIMA ya ha contactado con agricultores colaboradores y se han realizado diferentes visitas a las parcelas piloto. Se han seleccionado las especies y variedades m\u00e1s id\u00f3neas para cada territorio y se han dise\u00f1ado los pilotos en Graus y Biescas; de hecho, el ensayo de Graus ya se ha plantado, y el terreno de Biescas est\u00e1 preparado y se han encargado las plantas en el vivero. Pr\u00f3ximamente se celebrar\u00e1n reuniones con agentes del territorio, como el Centro de Investigaci\u00f3n y Experimentaci\u00f3n en Truficultura de Graus o la Asociaci\u00f3n de Truficultores de Huesca.<\/p>\n<p class=\"paragraph\"><strong>Sobre la EPiCC<\/strong><\/p>\n<p class=\"paragraph\">PYRENEES4CLIMA servir\u00e1 para desplegar la Estrategia Pirenaica de Cambio Clim\u00e1tico (EPiCC), la primera de su clase en Europa. Se trata de una estrategia transfronteriza de cambio clim\u00e1tico liderada por los siete territorios pirenaicos, que pertenecen a tres pa\u00edses distintos, y est\u00e1 codise\u00f1ada en cooperaci\u00f3n para una biorregi\u00f3n de monta\u00f1a espec\u00edfica.<\/p>\n<\/div>\n<\/article>\n<\/div>\n<\/div>\n","protected":false},"excerpt":{"rendered":"<p>El Gobierno de Arag\u00f3n participa en el mayor proyecto para adaptar los Pirineos al cambio clim\u00e1tico, LIFE PYRENEES4CLIMA, \u2018Hacia una comunidad de monta\u00f1a transfronteriza resiliente al cambio clim\u00e1tico en los Pirineos 2024-2031&#8242;, en el que tambi\u00e9n toman parte otras seis regiones de Espa\u00f1a, Francia y Andorra. Los Pirineos se ven amenazados por el cambio clim\u00e1tico&hellip;<\/p>\n","protected":false},"author":5,"featured_media":635629,"comment_status":"closed","ping_status":"closed","sticky":false,"template":"","format":"standard","meta":{"footnotes":""},"categories":[240,250,41],"tags":[548,572],"class_list":["post-635628","post","type-post","status-publish","format-standard","has-post-thumbnail","hentry","category-ciencia-animal","category-ciencia-vegetal-2","category-recursos-forestales","tag-proyecto-life","tag-pyrenees4clima","category-240","category-250","category-41","description-off"],"_links":{"self":[{"href":"https:\/\/cita-aragon.es\/en\/wp-json\/wp\/v2\/posts\/635628"}],"collection":[{"href":"https:\/\/cita-aragon.es\/en\/wp-json\/wp\/v2\/posts"}],"about":[{"href":"https:\/\/cita-aragon.es\/en\/wp-json\/wp\/v2\/types\/post"}],"author":[{"embeddable":true,"href":"https:\/\/cita-aragon.es\/en\/wp-json\/wp\/v2\/users\/5"}],"replies":[{"embeddable":true,"href":"https:\/\/cita-aragon.es\/en\/wp-json\/wp\/v2\/comments?post=635628"}],"version-history":[{"count":1,"href":"https:\/\/cita-aragon.es\/en\/wp-json\/wp\/v2\/posts\/635628\/revisions"}],"predecessor-version":[{"id":635631,"href":"https:\/\/cita-aragon.es\/en\/wp-json\/wp\/v2\/posts\/635628\/revisions\/635631"}],"wp:featuredmedia":[{"embeddable":true,"href":"https:\/\/cita-aragon.es\/en\/wp-json\/wp\/v2\/media\/635629"}],"wp:attachment":[{"href":"https:\/\/cita-aragon.es\/en\/wp-json\/wp\/v2\/media?parent=635628"}],"wp:term":[{"taxonomy":"category","embeddable":true,"href":"https:\/\/cita-aragon.es\/en\/wp-json\/wp\/v2\/categories?post=635628"},{"taxonomy":"post_tag","embeddable":true,"href":"https:\/\/cita-aragon.es\/en\/wp-json\/wp\/v2\/tags?post=635628"}],"curies":[{"name":"wp","href":"https:\/\/api.w.org\/{rel}","templated":true}]}}