{"id":635571,"date":"2024-10-25T12:50:09","date_gmt":"2024-10-25T10:50:09","guid":{"rendered":"https:\/\/cita-aragon.es\/?p=635571"},"modified":"2024-10-25T12:50:09","modified_gmt":"2024-10-25T10:50:09","slug":"el-cita-celebra-una-jornada-tecnica-sobre-la-adaptacion-de-variedades-frutales-al-cambio-climatico","status":"publish","type":"post","link":"https:\/\/cita-aragon.es\/en\/el-cita-celebra-una-jornada-tecnica-sobre-la-adaptacion-de-variedades-frutales-al-cambio-climatico\/","title":{"rendered":"El CITA celebra una jornada t\u00e9cnica sobre la adaptaci\u00f3n de variedades frutales al cambio clim\u00e1tico"},"content":{"rendered":"<p>Esta ma\u00f1ana se ha celebrado en la sede del Centro de Investigaci\u00f3n y Tecnolog\u00eda Agroalimentaria de Arag\u00f3n (CITA) una jornada t\u00e9cnica sobre la adaptaci\u00f3n de variedades frutales al cambio clim\u00e1tico en el que se ha presentado el proyecto Adaptaci\u00f3n de variedades frutales al aumento de temperaturas durante el invierno para reducir el impacto del cambio clim\u00e1tico en la producci\u00f3n de la fruta (ADAPFRUTCC). Un proyecto liderado por Javier Rodrigo, investigador del departamento de Ciencia Vegetal del CITA.<\/p>\n<p>La jornada dirigida a fruticultores y personal t\u00e9cnico del sector agroalimentario ha sido inaugurada por Ana Garc\u00e9s, jefa del departamento de Ciencia Vegetal, quien ha explicado a los asistentes la importancia de la investigaci\u00f3n para adaptarse a los retos del futuro.<\/p>\n<p>A continuaci\u00f3n, Javier Rodrigo y Erica Fad\u00f3n, investigadores del departamento de Ciencia Vegetal, han hablado sobre el cambio clim\u00e1tico y las necesidades de fr\u00edo haciendo hincapi\u00e9 en la importancia de conocer las necesidades agroclim\u00e1ticas de cada variedad, ya que la disminuci\u00f3n de fr\u00edo invernal provocada por el cambio clim\u00e1tico en muchos a\u00f1os y zonas est\u00e1 causando problemas de producci\u00f3n en algunas variedades. Adem\u00e1s, ha descrito c\u00f3mo se puede determinar el fr\u00edo acumulado en distintos escenarios futuros en base a la evoluci\u00f3n hist\u00f3rica de temperaturas en casa zona.<\/p>\n<p>Erica Fac\u00f3n tambi\u00e9n ha presentado el proyecto ADAPFRUTCC, coordinado por el CITA, en el que se estudia el impacto del cambio clim\u00e1tico sobre el reposo invernal, comparando el comportamiento de una variedad de floraci\u00f3n temprana y otra de floraci\u00f3n tard\u00eda en cuatro especies, albaricoquero, ciruelo japon\u00e9s, cerezo y melocotonero en tres localizaciones: Zaragoza (clima templado), Algarrobo-Costa, en M\u00e1laga (clima subtropical) y Guadaira, en Badajoz (clima intermedio). Adem\u00e1s, se est\u00e1 analizando la acumulaci\u00f3n de fr\u00edo en las diferentes localizaciones en distintos escenarios clim\u00e1ticos.<\/p>\n<p>Sobre la determinaci\u00f3n experimental de las necesidades de fr\u00edo ha hablado N\u00e9stor Santolaria, investigador en formaci\u00f3n del departamento de Ciencia Vegetal, quien ha presentado c\u00f3mo descubri\u00f3 que los \u00e1rboles frutales de clima templado necesitan acumular fr\u00edo en invierno para florecer y fructificar, describiendo la metodolog\u00eda experimental que permite determinar las necesidades agroclim\u00e1ticas de cada variedad.<\/p>\n<p>Tudor I. Gheban, investigador en formaci\u00f3n del departamento de Ciencia Vegetal, ha presentado su exposici\u00f3n sobre Biomarcadores para el reposo, describiendo las l\u00edneas de investigaci\u00f3n que se est\u00e1n siguiendo en la actualidad para encontrar biomarcadores que permitan establecer con precisi\u00f3n las fases del reposo y facilitar as\u00ed la estimaci\u00f3n de necesidades agroclim\u00e1ticas de las variedades.<\/p>\n<p>La jornada ha finalizado con un taller pr\u00e1ctico sobre selecci\u00f3n, recogida y manejo de yemas durante el reposo invernal para poder determinar las necesidades de cada variedad y posteriormente se han celebrado reuniones bilaterales sobre la elecci\u00f3n de variedades frutales.<\/p>\n<p>El proyecto Adaptaci\u00f3n de variedades frutales al aumento de temperaturas durante el invierno para reducir el impacto del cambio clim\u00e1tico en la producci\u00f3n de fruta (ADAPFRUTCC) cuenta con el apoyo de la Fundaci\u00f3n Biodiversidad del Ministerio para la Transici\u00f3n Ecol\u00f3gica y el Reto Demogr\u00e1fico, a trav\u00e9s de la Convocatoria de subvenciones para la realizaci\u00f3n de proyectos que contribuyan a implementar el Plan Nacional de Adaptaci\u00f3n al Cambio Clim\u00e1tico (2021-2030).<\/p>\n\n\t\t\t<style type='text\/css'>\n\t\t\t\t#gallery-1 {\n\t\t\t\t\tmargin: auto;\n\t\t\t\t}\n\t\t\t\t#gallery-1 .gallery-item {\n\t\t\t\t\tfloat: left;\n\t\t\t\t\tmargin-top: 10px;\n\t\t\t\t\ttext-align: center;\n\t\t\t\t\twidth: 25%;\n\t\t\t\t}\n\t\t\t\t#gallery-1 img {\n\t\t\t\t\tborder: 2px solid #cfcfcf;\n\t\t\t\t}\n\t\t\t\t#gallery-1 .gallery-caption {\n\t\t\t\t\tmargin-left: 0;\n\t\t\t\t}\n\t\t\t\t\/* see gallery_shortcode() in wp-includes\/media.php *\/\n\t\t\t<\/style>\n\t\t<div id='gallery-1' class='dt-gallery-container gallery galleryid-635571 gallery-columns-4 gallery-size-large'><dl class='gallery-item'>\n\t\t\t\t<dt class='gallery-icon landscape'>\n\t\t\t\t\t<a class=\"rollover\" href='https:\/\/cita-aragon.es\/en\/ana-garces-da-la-bienvenida-2\/'><img loading=\"lazy\" decoding=\"async\" width=\"1024\" height=\"768\" src=\"https:\/\/cita-aragon.es\/wp-content\/uploads\/Ana-Garces-da-la-bienvenida--1024x768.jpg\" class=\"attachment-large size-large\" alt=\"\" srcset=\"https:\/\/cita-aragon.es\/wp-content\/uploads\/Ana-Garces-da-la-bienvenida--1024x768.jpg 1024w, https:\/\/cita-aragon.es\/wp-content\/uploads\/Ana-Garces-da-la-bienvenida--400x300.jpg 400w, https:\/\/cita-aragon.es\/wp-content\/uploads\/Ana-Garces-da-la-bienvenida--768x576.jpg 768w, https:\/\/cita-aragon.es\/wp-content\/uploads\/Ana-Garces-da-la-bienvenida--1536x1152.jpg 1536w, https:\/\/cita-aragon.es\/wp-content\/uploads\/Ana-Garces-da-la-bienvenida--2048x1536.jpg 2048w\" sizes=\"(max-width: 1024px) 100vw, 1024px\" \/><\/a>\n\t\t\t\t<\/dt><\/dl><dl class='gallery-item'>\n\t\t\t\t<dt class='gallery-icon landscape'>\n\t\t\t\t\t<a class=\"rollover\" href='https:\/\/cita-aragon.es\/en\/javier-rodrigo-investigador-del-departamento-de-ciencia-vegetal-2\/'><img loading=\"lazy\" decoding=\"async\" width=\"1024\" height=\"768\" src=\"https:\/\/cita-aragon.es\/wp-content\/uploads\/Javier-Rodrigo-investigador-del-departamento-de-Ciencia-Vegetal--1024x768.jpg\" class=\"attachment-large size-large\" alt=\"\" srcset=\"https:\/\/cita-aragon.es\/wp-content\/uploads\/Javier-Rodrigo-investigador-del-departamento-de-Ciencia-Vegetal--1024x768.jpg 1024w, https:\/\/cita-aragon.es\/wp-content\/uploads\/Javier-Rodrigo-investigador-del-departamento-de-Ciencia-Vegetal--400x300.jpg 400w, https:\/\/cita-aragon.es\/wp-content\/uploads\/Javier-Rodrigo-investigador-del-departamento-de-Ciencia-Vegetal--768x576.jpg 768w, https:\/\/cita-aragon.es\/wp-content\/uploads\/Javier-Rodrigo-investigador-del-departamento-de-Ciencia-Vegetal--1536x1152.jpg 1536w, https:\/\/cita-aragon.es\/wp-content\/uploads\/Javier-Rodrigo-investigador-del-departamento-de-Ciencia-Vegetal--2048x1536.jpg 2048w\" sizes=\"(max-width: 1024px) 100vw, 1024px\" \/><\/a>\n\t\t\t\t<\/dt><\/dl><dl class='gallery-item'>\n\t\t\t\t<dt class='gallery-icon landscape'>\n\t\t\t\t\t<a class=\"rollover\" href='https:\/\/cita-aragon.es\/en\/erica-fadon-2-2\/'><img loading=\"lazy\" decoding=\"async\" width=\"1024\" height=\"768\" src=\"https:\/\/cita-aragon.es\/wp-content\/uploads\/Erica-Fadon-2-1024x768.jpg\" class=\"attachment-large size-large\" alt=\"\" srcset=\"https:\/\/cita-aragon.es\/wp-content\/uploads\/Erica-Fadon-2-1024x768.jpg 1024w, https:\/\/cita-aragon.es\/wp-content\/uploads\/Erica-Fadon-2-400x300.jpg 400w, https:\/\/cita-aragon.es\/wp-content\/uploads\/Erica-Fadon-2-768x576.jpg 768w, https:\/\/cita-aragon.es\/wp-content\/uploads\/Erica-Fadon-2-1536x1152.jpg 1536w, https:\/\/cita-aragon.es\/wp-content\/uploads\/Erica-Fadon-2-2048x1536.jpg 2048w\" sizes=\"(max-width: 1024px) 100vw, 1024px\" \/><\/a>\n\t\t\t\t<\/dt><\/dl><dl class='gallery-item'>\n\t\t\t\t<dt class='gallery-icon landscape'>\n\t\t\t\t\t<a class=\"rollover\" href='https:\/\/cita-aragon.es\/en\/nestor-santolaria-2\/'><img loading=\"lazy\" decoding=\"async\" width=\"1024\" height=\"576\" src=\"https:\/\/cita-aragon.es\/wp-content\/uploads\/Nestor-Santolaria-1024x576.jpeg\" class=\"attachment-large size-large\" alt=\"\" srcset=\"https:\/\/cita-aragon.es\/wp-content\/uploads\/Nestor-Santolaria-1024x576.jpeg 1024w, https:\/\/cita-aragon.es\/wp-content\/uploads\/Nestor-Santolaria-400x225.jpeg 400w, https:\/\/cita-aragon.es\/wp-content\/uploads\/Nestor-Santolaria-768x432.jpeg 768w, https:\/\/cita-aragon.es\/wp-content\/uploads\/Nestor-Santolaria-1536x864.jpeg 1536w, https:\/\/cita-aragon.es\/wp-content\/uploads\/Nestor-Santolaria.jpeg 1600w\" sizes=\"(max-width: 1024px) 100vw, 1024px\" \/><\/a>\n\t\t\t\t<\/dt><\/dl><br style=\"clear: both\" \/><dl class='gallery-item'>\n\t\t\t\t<dt class='gallery-icon landscape'>\n\t\t\t\t\t<a class=\"rollover\" href='https:\/\/cita-aragon.es\/en\/tudor-2\/'><img loading=\"lazy\" decoding=\"async\" width=\"1024\" height=\"768\" src=\"https:\/\/cita-aragon.es\/wp-content\/uploads\/Tudor-1024x768.jpg\" class=\"attachment-large size-large\" alt=\"\" srcset=\"https:\/\/cita-aragon.es\/wp-content\/uploads\/Tudor-1024x768.jpg 1024w, https:\/\/cita-aragon.es\/wp-content\/uploads\/Tudor-400x300.jpg 400w, https:\/\/cita-aragon.es\/wp-content\/uploads\/Tudor-768x576.jpg 768w, https:\/\/cita-aragon.es\/wp-content\/uploads\/Tudor-1536x1152.jpg 1536w, https:\/\/cita-aragon.es\/wp-content\/uploads\/Tudor-2048x1536.jpg 2048w\" sizes=\"(max-width: 1024px) 100vw, 1024px\" \/><\/a>\n\t\t\t\t<\/dt><\/dl><dl class='gallery-item'>\n\t\t\t\t<dt class='gallery-icon landscape'>\n\t\t\t\t\t<a class=\"rollover\" href='https:\/\/cita-aragon.es\/en\/taller-practico-de-seleccion-recogida-y-manero-de-yemas-de-variedades-frutales-2\/'><img loading=\"lazy\" decoding=\"async\" width=\"1024\" height=\"768\" src=\"https:\/\/cita-aragon.es\/wp-content\/uploads\/Taller-practico-de-seleccion-recogida-y-manero-de-yemas-de-variedades-frutales-1024x768.jpg\" class=\"attachment-large size-large\" alt=\"\" srcset=\"https:\/\/cita-aragon.es\/wp-content\/uploads\/Taller-practico-de-seleccion-recogida-y-manero-de-yemas-de-variedades-frutales-1024x768.jpg 1024w, https:\/\/cita-aragon.es\/wp-content\/uploads\/Taller-practico-de-seleccion-recogida-y-manero-de-yemas-de-variedades-frutales-400x300.jpg 400w, https:\/\/cita-aragon.es\/wp-content\/uploads\/Taller-practico-de-seleccion-recogida-y-manero-de-yemas-de-variedades-frutales-768x576.jpg 768w, https:\/\/cita-aragon.es\/wp-content\/uploads\/Taller-practico-de-seleccion-recogida-y-manero-de-yemas-de-variedades-frutales-1536x1152.jpg 1536w, https:\/\/cita-aragon.es\/wp-content\/uploads\/Taller-practico-de-seleccion-recogida-y-manero-de-yemas-de-variedades-frutales-2048x1536.jpg 2048w\" sizes=\"(max-width: 1024px) 100vw, 1024px\" \/><\/a>\n\t\t\t\t<\/dt><\/dl><dl class='gallery-item'>\n\t\t\t\t<dt class='gallery-icon landscape'>\n\t\t\t\t\t<a class=\"rollover\" href='https:\/\/cita-aragon.es\/en\/varetas-de-diversos-frutales-1-2\/'><img loading=\"lazy\" decoding=\"async\" width=\"1024\" height=\"768\" src=\"https:\/\/cita-aragon.es\/wp-content\/uploads\/Varetas-de-diversos-frutales-1-1024x768.jpg\" class=\"attachment-large size-large\" alt=\"\" srcset=\"https:\/\/cita-aragon.es\/wp-content\/uploads\/Varetas-de-diversos-frutales-1-1024x768.jpg 1024w, https:\/\/cita-aragon.es\/wp-content\/uploads\/Varetas-de-diversos-frutales-1-400x300.jpg 400w, https:\/\/cita-aragon.es\/wp-content\/uploads\/Varetas-de-diversos-frutales-1-768x576.jpg 768w, https:\/\/cita-aragon.es\/wp-content\/uploads\/Varetas-de-diversos-frutales-1-1536x1152.jpg 1536w, https:\/\/cita-aragon.es\/wp-content\/uploads\/Varetas-de-diversos-frutales-1-2048x1536.jpg 2048w\" sizes=\"(max-width: 1024px) 100vw, 1024px\" \/><\/a>\n\t\t\t\t<\/dt><\/dl><dl class='gallery-item'>\n\t\t\t\t<dt class='gallery-icon landscape'>\n\t\t\t\t\t<a class=\"rollover\" href='https:\/\/cita-aragon.es\/en\/img_20241025_120406-2\/'><img loading=\"lazy\" decoding=\"async\" width=\"1024\" height=\"768\" src=\"https:\/\/cita-aragon.es\/wp-content\/uploads\/IMG_20241025_120406-1024x768.jpg\" class=\"attachment-large size-large\" alt=\"\" srcset=\"https:\/\/cita-aragon.es\/wp-content\/uploads\/IMG_20241025_120406-1024x768.jpg 1024w, https:\/\/cita-aragon.es\/wp-content\/uploads\/IMG_20241025_120406-400x300.jpg 400w, https:\/\/cita-aragon.es\/wp-content\/uploads\/IMG_20241025_120406-768x576.jpg 768w, https:\/\/cita-aragon.es\/wp-content\/uploads\/IMG_20241025_120406-1536x1152.jpg 1536w, https:\/\/cita-aragon.es\/wp-content\/uploads\/IMG_20241025_120406-2048x1536.jpg 2048w\" sizes=\"(max-width: 1024px) 100vw, 1024px\" \/><\/a>\n\t\t\t\t<\/dt><\/dl><br style=\"clear: both\" \/>\n\t\t\t<\/div>\n\n<p>&nbsp;<\/p>\n<p>&nbsp;<\/p>\n","protected":false},"excerpt":{"rendered":"<p>Esta ma\u00f1ana se ha celebrado en la sede del Centro de Investigaci\u00f3n y Tecnolog\u00eda Agroalimentaria de Arag\u00f3n (CITA) una jornada t\u00e9cnica sobre la adaptaci\u00f3n de variedades frutales al cambio clim\u00e1tico en el que se ha presentado el proyecto Adaptaci\u00f3n de variedades frutales al aumento de temperaturas durante el invierno para reducir el impacto del cambio&hellip;<\/p>\n","protected":false},"author":5,"featured_media":635572,"comment_status":"closed","ping_status":"closed","sticky":false,"template":"","format":"standard","meta":{"footnotes":""},"categories":[250],"tags":[647,648],"class_list":["post-635571","post","type-post","status-publish","format-standard","has-post-thumbnail","hentry","category-ciencia-vegetal-2","tag-fundacion-biodiversidad","tag-proyecto-adapfrutcc","category-250","description-off"],"_links":{"self":[{"href":"https:\/\/cita-aragon.es\/en\/wp-json\/wp\/v2\/posts\/635571"}],"collection":[{"href":"https:\/\/cita-aragon.es\/en\/wp-json\/wp\/v2\/posts"}],"about":[{"href":"https:\/\/cita-aragon.es\/en\/wp-json\/wp\/v2\/types\/post"}],"author":[{"embeddable":true,"href":"https:\/\/cita-aragon.es\/en\/wp-json\/wp\/v2\/users\/5"}],"replies":[{"embeddable":true,"href":"https:\/\/cita-aragon.es\/en\/wp-json\/wp\/v2\/comments?post=635571"}],"version-history":[{"count":1,"href":"https:\/\/cita-aragon.es\/en\/wp-json\/wp\/v2\/posts\/635571\/revisions"}],"predecessor-version":[{"id":635592,"href":"https:\/\/cita-aragon.es\/en\/wp-json\/wp\/v2\/posts\/635571\/revisions\/635592"}],"wp:featuredmedia":[{"embeddable":true,"href":"https:\/\/cita-aragon.es\/en\/wp-json\/wp\/v2\/media\/635572"}],"wp:attachment":[{"href":"https:\/\/cita-aragon.es\/en\/wp-json\/wp\/v2\/media?parent=635571"}],"wp:term":[{"taxonomy":"category","embeddable":true,"href":"https:\/\/cita-aragon.es\/en\/wp-json\/wp\/v2\/categories?post=635571"},{"taxonomy":"post_tag","embeddable":true,"href":"https:\/\/cita-aragon.es\/en\/wp-json\/wp\/v2\/tags?post=635571"}],"curies":[{"name":"wp","href":"https:\/\/api.w.org\/{rel}","templated":true}]}}