{"id":633542,"date":"2024-09-13T09:56:04","date_gmt":"2024-09-13T07:56:04","guid":{"rendered":"https:\/\/cita-aragon.es\/?p=633542"},"modified":"2024-09-13T09:57:08","modified_gmt":"2024-09-13T07:57:08","slug":"el-cita-estudia-el-funcionamiento-fisiologico-y-la-resistencia-de-la-encina-y-otros-robles-mediterraneos-a-la-sequia-estival","status":"publish","type":"post","link":"https:\/\/cita-aragon.es\/en\/el-cita-estudia-el-funcionamiento-fisiologico-y-la-resistencia-de-la-encina-y-otros-robles-mediterraneos-a-la-sequia-estival\/","title":{"rendered":"El CITA estudia el funcionamiento fisiol\u00f3gico y la resistencia de la encina y otros robles mediterr\u00e1neos a la sequ\u00eda estival"},"content":{"rendered":"<div class=\"page-content con\">\n<div id=\"m18-16-19\">\n<article id=\"article-97283\" class=\"article default\" data-history-state=\"0\" data-title=\"El CITA estudia el funcionamiento fisiol\u00f3gico y la resistencia de la encina y otros robles mediterr\u00e1neos a la sequ\u00eda estival\">\n<div class=\"content-modules\">\n<p class=\"paragraph\"><strong>El Centro de Investigaci\u00f3n y Tecnolog\u00eda Agroalimentaria de Arag\u00f3n (CITA)<\/strong>\u00a0ha puesto en marcha un nuevo experimento que\u00a0<strong>busca estudiar el funcionamiento fisiol\u00f3gico y la resistencia de la encina y otras especies de robles mediterr\u00e1neos a la aridez estival<\/strong>. Se enmarca en el proyecto \u201cExplorando la resistencia de Quercus ilex y otros robles mediterr\u00e1neos a la sequ\u00eda atmosf\u00e9rica\u201d (RESIST2DRY), dirigido por el investigador del Departamento de Sistemas Agr\u00edcolas, Forestales y Medio Ambiente del CITA Domingo Sancho Knapik, y financiado por el Ministerio de Ciencia e Innovaci\u00f3n y por la Uni\u00f3n Europea-NextGenerationEU.<\/p>\n<p class=\"paragraph\">En un escenario clim\u00e1tico de aumento de la aridez atmosf\u00e9rica,\u00a0<strong>es necesario conocer cu\u00e1nto tiempo pueden sobrevivir las especies forestales al estr\u00e9s estival.<\/strong>\u00a0Por ello, este proyecto persigue obtener un conocimiento m\u00e1s profundo de las respuestas y el funcionamiento de los \u00e1rboles mediterr\u00e1neos a valores elevados de aridez, entendiendo por aridez tanto la sequ\u00eda atmosf\u00e9rica como el d\u00e9ficit de agua en el suelo. En concreto estudia el comportamiento de una especie perenne, clave del paisaje de la cuenca mediterr\u00e1nea, la encina (Quercus ilex L.), y otras especies de robles coexistentes como la coscoja (Quercus coccifera L.) y el quejigo (Quercus faginea Lam.).<\/p>\n<p class=\"paragraph\">El experimento en cuesti\u00f3n empez\u00f3 a mediados de agosto y durar\u00e1 hasta finales de septiembre. Se trata de estudiar el funcionamiento fisiol\u00f3gico de las especies en c\u00e1mara de planta entera. De esta forma, se obtienen datos de toda la parte a\u00e9rea de las plantas, combin\u00e1ndose la respuesta de las hojas, ramas y tallo.<\/p>\n<p class=\"paragraph\">El sistema de medida cuenta con seis c\u00e1maras abiertas por la parte superior a las que se les suministra por la parte inferior aire con una concentraci\u00f3n conocida de carbono y vapor de agua. El aire es utilizado por la planta, la cual cambia las concentraciones de carbono y agua que se registrar\u00e1n a la salida de la c\u00e1mara. Durante el d\u00eda, cuando la planta est\u00e1 realizando la fotos\u00edntesis, absorbe carbono y libera vapor de agua, reduciendo la concentraci\u00f3n de carbono y aumentando la concentraci\u00f3n de agua en el aire de salida de la c\u00e1mara. De esta forma<strong>, se puede medir el funcionamiento fisiol\u00f3gico de la planta entera en distintas condiciones clim\u00e1ticas de humedad y temperatura a lo largo de los d\u00edas.<\/strong><\/p>\n<p class=\"paragraph\"><strong>En un primer estudio que se llev\u00f3 a cabo la segunda quincena de agosto, se compar\u00f3 la respuesta de estas tres especies de robles mediterr\u00e1neos (encina, quejigo y coscoja) a la aridez atmosf\u00e9rica<\/strong>, tambi\u00e9n conocida como demanda evaporativa o d\u00e9ficit de presi\u00f3n de vapor de agua (DPV). El DPV es una variable clim\u00e1tica cr\u00edtica que determina la transpiraci\u00f3n de las plantas y la productividad del ecosistema. Valores elevados de DPV pueden reducir el crecimiento de la vegetaci\u00f3n, aumentar el declive forestal o disminuir el rendimiento de los cultivos, efectos que son especialmente relevantes en ambientes \u00e1ridos de la cuenca mediterr\u00e1nea. A niveles elevados de DPV, la tasa de evaporaci\u00f3n de la hoja puede ser demasiado r\u00e1pida, provocando su desecaci\u00f3n. Para evitar este secado, las plantas pueden cerrar sus estomas evitando una p\u00e9rdida excesiva de agua por transpiraci\u00f3n, pero a costa de reducir la ganancia de carbono y, por lo tanto, reduciendo el crecimiento y la productividad.<\/p>\n<p class=\"paragraph\"><strong>En un segundo estudio<\/strong>, que se llevar\u00e1 a cabo durante septiembre, la aridez atmosf\u00e9rica se va a combinar con el estudio de la aridez ed\u00e1fica. En este caso,<strong>\u00a0se va a comparar la respuesta de la encina y el quejigo frente a una combinaci\u00f3n de dos estreses: alta demanda evaporativa y un progresivo d\u00e9ficit de agua en el suelo.<\/strong> La combinaci\u00f3n de ambos estreses suele ser frecuente en el verano mediterr\u00e1neo y se hace necesario estudiar la respuesta de la vegetaci\u00f3n para mitigar los posibles efectos del cambio clim\u00e1tico.<\/p>\n\n\t\t\t<style type='text\/css'>\n\t\t\t\t#gallery-1 {\n\t\t\t\t\tmargin: auto;\n\t\t\t\t}\n\t\t\t\t#gallery-1 .gallery-item {\n\t\t\t\t\tfloat: left;\n\t\t\t\t\tmargin-top: 10px;\n\t\t\t\t\ttext-align: center;\n\t\t\t\t\twidth: 50%;\n\t\t\t\t}\n\t\t\t\t#gallery-1 img {\n\t\t\t\t\tborder: 2px solid #cfcfcf;\n\t\t\t\t}\n\t\t\t\t#gallery-1 .gallery-caption {\n\t\t\t\t\tmargin-left: 0;\n\t\t\t\t}\n\t\t\t\t\/* see gallery_shortcode() in wp-includes\/media.php *\/\n\t\t\t<\/style>\n\t\t<div id='gallery-1' class='dt-gallery-container gallery galleryid-633542 gallery-columns-2 gallery-size-large'><dl class='gallery-item'>\n\t\t\t\t<dt class='gallery-icon portrait'>\n\t\t\t\t\t<a class=\"rollover\" href='https:\/\/cita-aragon.es\/en\/fig3-2\/'><img loading=\"lazy\" decoding=\"async\" width=\"768\" height=\"1024\" src=\"https:\/\/cita-aragon.es\/wp-content\/uploads\/Fig3-768x1024.jpg\" class=\"attachment-large size-large\" alt=\"\" srcset=\"https:\/\/cita-aragon.es\/wp-content\/uploads\/Fig3-768x1024.jpg 768w, https:\/\/cita-aragon.es\/wp-content\/uploads\/Fig3-300x400.jpg 300w, https:\/\/cita-aragon.es\/wp-content\/uploads\/Fig3-1152x1536.jpg 1152w, https:\/\/cita-aragon.es\/wp-content\/uploads\/Fig3-1536x2048.jpg 1536w, https:\/\/cita-aragon.es\/wp-content\/uploads\/Fig3-scaled.jpg 1920w\" sizes=\"(max-width: 768px) 100vw, 768px\" \/><\/a>\n\t\t\t\t<\/dt><\/dl><dl class='gallery-item'>\n\t\t\t\t<dt class='gallery-icon landscape'>\n\t\t\t\t\t<a class=\"rollover\" href='https:\/\/cita-aragon.es\/en\/fig1-2\/'><img loading=\"lazy\" decoding=\"async\" width=\"1024\" height=\"768\" src=\"https:\/\/cita-aragon.es\/wp-content\/uploads\/fig1-1024x768.jpg\" class=\"attachment-large size-large\" alt=\"\" srcset=\"https:\/\/cita-aragon.es\/wp-content\/uploads\/fig1-1024x768.jpg 1024w, https:\/\/cita-aragon.es\/wp-content\/uploads\/fig1-400x300.jpg 400w, https:\/\/cita-aragon.es\/wp-content\/uploads\/fig1-768x576.jpg 768w, https:\/\/cita-aragon.es\/wp-content\/uploads\/fig1-1536x1152.jpg 1536w, https:\/\/cita-aragon.es\/wp-content\/uploads\/fig1-2048x1536.jpg 2048w\" sizes=\"(max-width: 1024px) 100vw, 1024px\" \/><\/a>\n\t\t\t\t<\/dt><\/dl><br style=\"clear: both\" \/>\n\t\t\t<\/div>\n\n<\/div>\n<\/article>\n<p>&nbsp;<\/p>\n<\/div>\n<\/div>\n","protected":false},"excerpt":{"rendered":"<p>El Centro de Investigaci\u00f3n y Tecnolog\u00eda Agroalimentaria de Arag\u00f3n (CITA)\u00a0ha puesto en marcha un nuevo experimento que\u00a0busca estudiar el funcionamiento fisiol\u00f3gico y la resistencia de la encina y otras especies de robles mediterr\u00e1neos a la aridez estival. Se enmarca en el proyecto \u201cExplorando la resistencia de Quercus ilex y otros robles mediterr\u00e1neos a la sequ\u00eda&hellip;<\/p>\n","protected":false},"author":5,"featured_media":633543,"comment_status":"closed","ping_status":"closed","sticky":false,"template":"","format":"standard","meta":{"footnotes":""},"categories":[41],"tags":[433,751,750],"class_list":["post-633542","post","type-post","status-publish","format-standard","has-post-thumbnail","hentry","category-recursos-forestales","tag-encina","tag-fondos-nextgenerationeu","tag-resist2dry","category-41","description-off"],"_links":{"self":[{"href":"https:\/\/cita-aragon.es\/en\/wp-json\/wp\/v2\/posts\/633542"}],"collection":[{"href":"https:\/\/cita-aragon.es\/en\/wp-json\/wp\/v2\/posts"}],"about":[{"href":"https:\/\/cita-aragon.es\/en\/wp-json\/wp\/v2\/types\/post"}],"author":[{"embeddable":true,"href":"https:\/\/cita-aragon.es\/en\/wp-json\/wp\/v2\/users\/5"}],"replies":[{"embeddable":true,"href":"https:\/\/cita-aragon.es\/en\/wp-json\/wp\/v2\/comments?post=633542"}],"version-history":[{"count":1,"href":"https:\/\/cita-aragon.es\/en\/wp-json\/wp\/v2\/posts\/633542\/revisions"}],"predecessor-version":[{"id":633549,"href":"https:\/\/cita-aragon.es\/en\/wp-json\/wp\/v2\/posts\/633542\/revisions\/633549"}],"wp:featuredmedia":[{"embeddable":true,"href":"https:\/\/cita-aragon.es\/en\/wp-json\/wp\/v2\/media\/633543"}],"wp:attachment":[{"href":"https:\/\/cita-aragon.es\/en\/wp-json\/wp\/v2\/media?parent=633542"}],"wp:term":[{"taxonomy":"category","embeddable":true,"href":"https:\/\/cita-aragon.es\/en\/wp-json\/wp\/v2\/categories?post=633542"},{"taxonomy":"post_tag","embeddable":true,"href":"https:\/\/cita-aragon.es\/en\/wp-json\/wp\/v2\/tags?post=633542"}],"curies":[{"name":"wp","href":"https:\/\/api.w.org\/{rel}","templated":true}]}}