{"id":619491,"date":"2024-07-12T10:10:57","date_gmt":"2024-07-12T08:10:57","guid":{"rendered":"http:\/\/cita-aragon.es\/?p=619491"},"modified":"2024-07-12T10:13:16","modified_gmt":"2024-07-12T08:13:16","slug":"el-centro-de-innovacion-en-bioeconomia-rural-de-teruel-acogera-la-presentacion-del-proyecto-reconecta-sobre-la-gestion-sostenible-de-montes-en-estado-de-abandono","status":"publish","type":"post","link":"https:\/\/cita-aragon.es\/en\/el-centro-de-innovacion-en-bioeconomia-rural-de-teruel-acogera-la-presentacion-del-proyecto-reconecta-sobre-la-gestion-sostenible-de-montes-en-estado-de-abandono\/","title":{"rendered":"El Centro de Innovaci\u00f3n en Bioeconom\u00eda Rural de Teruel acoger\u00e1 la presentaci\u00f3n del proyecto RECONECTA sobre la gesti\u00f3n sostenible de montes en estado de abandono"},"content":{"rendered":"<p>El Centro de Innovaci\u00f3n en Bioeconom\u00eda Rural de Teruel (CITATe) acoger\u00e1 la presentaci\u00f3n el pr\u00f3ximo 16 de julio a las 11.30 h. en su sede del proyecto \u201cRevinculaci\u00f3n de los propietarios forestales con sus fincas para la gesti\u00f3n sostenible de montes en estado de abandono (RECONECTA)\u201d. Del proyecto, coordinado por la Asociaci\u00f3n Forestal de Soria (ASFOSO), forman parte la Fundaci\u00f3n Global Nature (FGN), el Centro de Investigaci\u00f3n y Tecnolog\u00eda Agroalimentaria de Arag\u00f3n (CITA) y el Ayuntamiento de Cuenca a trav\u00e9s de su proyecto UFIL Cuenca (Urban Forest Innovation Lab).<\/p>\n<p>La presentaci\u00f3n del proyecto contar\u00e1 con la intervenci\u00f3n de Miguel Guti\u00e9rrez, director gerente del CITA, de Sandra Bl\u00e1zquez de la Fundaci\u00f3n Biodiversidad, de Pedro Medrano de la Asociaci\u00f3n Forestal de Soria (ASFOSO), \u00a0Carmen Avil\u00e9s de UFIL Cuenca (Ayuntamiento de Cuenca) , Eduardo de Miguel de la Fundaci\u00f3n Global Nature y de Marta Barba, coordinadora de CITA Teruel, quienes explicar\u00e1n el reto del fomento de la bioeconom\u00eda forestal, la necesidad de dinamizaci\u00f3n de los propietarios forestales, los aspectos de innovaci\u00f3n y transferencia del conocimiento en el \u00e1mbito de la bioeconom\u00eda forestal y las oportunidades de emprendimiento en este entorno. Adem\u00e1s, se detallar\u00e1 c\u00f3mo participar en este proyecto para las entidades y particulares que est\u00e9n interesados en participar.<\/p>\n<p>RECONECTA busca recuperar la gesti\u00f3n de terrenos forestales infrautilizados o en estado de abandono, al objeto de garantizar su conservaci\u00f3n y puesta en valor. Se pondr\u00e1 en marcha en las provincias de Cuenca, Soria y Teruel, como territorios m\u00e1s despoblados de Espa\u00f1a y en los que existe un mayor grado de dispersi\u00f3n de los propietarios de montes.<\/p>\n<p>Otro objetivo del proyecto es poner en valor los recursos que los espacios forestales albergan (madera, le\u00f1a, pastos, setas, resina, frutos del bosque\u2026) y que por falta de gesti\u00f3n se encuentran \u201cdormidos\u201d, y contribuir as\u00ed a la movilizaci\u00f3n de la bioeconom\u00eda, al desarrollo de las zonas rurales y a la generaci\u00f3n de oportunidades de desarrollo personal en torno a los bosques y a las zonas rurales.<\/p>\n<p>El proyecto RECONECTA pretende, tambi\u00e9n, recoger a todas las personas implicadas en la \u201creconexi\u00f3n forestal\u201d como pueden ser propietarios forestales interesados en llevar a cabo una gesti\u00f3n sostenible de sus fincas; j\u00f3venes que todav\u00eda no son propietarios, pero que lo ser\u00e1n y quieren animar a sus mayores o a sus familiares a rescatar los montes del olvido; pastores, maderistas, selvicultores, apicultores, gu\u00edas de naturaleza; personas que quieren emprender en torno a las posibilidades que ofrecen los montes y sus recursos; ayuntamientos, colectivos vecinales, y grupos sociales relacionados con la dinamizaci\u00f3n sociocultural de los pueblos y periodistas y comunicadores que deseen colaborar en la difusi\u00f3n de RECONECTA como herramienta capaz de revertir el abandono de los espacios forestales.<\/p>\n<p>RECONECTA cuenta con el apoyo de la Fundaci\u00f3n Biodiversidad del Ministerio para la Transici\u00f3n Ecol\u00f3gica y el Reto Demogr\u00e1fico (MITECO) en el marco del Plan de Recuperaci\u00f3n, Transformaci\u00f3n y Resiliencia (PRTR), financiado por la Uni\u00f3n Europea &#8211; NextGenerationEU.<\/p>\n<p>&nbsp;<\/p>\n<p><img loading=\"lazy\" decoding=\"async\" class=\"alignnone wp-image-618911\" src=\"https:\/\/cita-aragon.es\/wp-content\/uploads\/Presentacion-Reconecta-3-283x400.jpg\" alt=\"\" width=\"679\" height=\"959\" srcset=\"https:\/\/cita-aragon.es\/wp-content\/uploads\/Presentacion-Reconecta-3-283x400.jpg 283w, https:\/\/cita-aragon.es\/wp-content\/uploads\/Presentacion-Reconecta-3-724x1024.jpg 724w, https:\/\/cita-aragon.es\/wp-content\/uploads\/Presentacion-Reconecta-3-768x1086.jpg 768w, https:\/\/cita-aragon.es\/wp-content\/uploads\/Presentacion-Reconecta-3-1086x1536.jpg 1086w, https:\/\/cita-aragon.es\/wp-content\/uploads\/Presentacion-Reconecta-3.jpg 1414w\" sizes=\"(max-width: 679px) 100vw, 679px\" \/><\/p>\n","protected":false},"excerpt":{"rendered":"<p>El Centro de Innovaci\u00f3n en Bioeconom\u00eda Rural de Teruel (CITATe) acoger\u00e1 la presentaci\u00f3n el pr\u00f3ximo 16 de julio a las 11.30 h. en su sede del proyecto \u201cRevinculaci\u00f3n de los propietarios forestales con sus fincas para la gesti\u00f3n sostenible de montes en estado de abandono (RECONECTA)\u201d. Del proyecto, coordinado por la Asociaci\u00f3n Forestal de Soria&hellip;<\/p>\n","protected":false},"author":7,"featured_media":619492,"comment_status":"closed","ping_status":"closed","sticky":false,"template":"","format":"standard","meta":{"footnotes":""},"categories":[306],"tags":[183,647,729,728,727],"class_list":["post-619491","post","type-post","status-publish","format-standard","has-post-thumbnail","hentry","category-centro-de-innovacion-en-bioeconomia-rural-de-teruel","tag-centro-de-innovacion-en-bioeconomia-rural-de-teruel","tag-fundacion-biodiversidad","tag-montes","tag-propietarios-forestales","tag-proyecto-reconecta","category-306","description-off"],"_links":{"self":[{"href":"https:\/\/cita-aragon.es\/en\/wp-json\/wp\/v2\/posts\/619491"}],"collection":[{"href":"https:\/\/cita-aragon.es\/en\/wp-json\/wp\/v2\/posts"}],"about":[{"href":"https:\/\/cita-aragon.es\/en\/wp-json\/wp\/v2\/types\/post"}],"author":[{"embeddable":true,"href":"https:\/\/cita-aragon.es\/en\/wp-json\/wp\/v2\/users\/7"}],"replies":[{"embeddable":true,"href":"https:\/\/cita-aragon.es\/en\/wp-json\/wp\/v2\/comments?post=619491"}],"version-history":[{"count":3,"href":"https:\/\/cita-aragon.es\/en\/wp-json\/wp\/v2\/posts\/619491\/revisions"}],"predecessor-version":[{"id":619496,"href":"https:\/\/cita-aragon.es\/en\/wp-json\/wp\/v2\/posts\/619491\/revisions\/619496"}],"wp:featuredmedia":[{"embeddable":true,"href":"https:\/\/cita-aragon.es\/en\/wp-json\/wp\/v2\/media\/619492"}],"wp:attachment":[{"href":"https:\/\/cita-aragon.es\/en\/wp-json\/wp\/v2\/media?parent=619491"}],"wp:term":[{"taxonomy":"category","embeddable":true,"href":"https:\/\/cita-aragon.es\/en\/wp-json\/wp\/v2\/categories?post=619491"},{"taxonomy":"post_tag","embeddable":true,"href":"https:\/\/cita-aragon.es\/en\/wp-json\/wp\/v2\/tags?post=619491"}],"curies":[{"name":"wp","href":"https:\/\/api.w.org\/{rel}","templated":true}]}}