{"id":61552,"date":"2022-04-03T10:42:49","date_gmt":"2022-04-03T08:42:49","guid":{"rendered":"http:\/\/localhost:8888\/cita\/el-cita-recibe-un-premio-por-un-articulo-sobre-las-adaptaciones-funcionales-de-arboles-y-arbustos-para-hacer-frente-a-las-altas-temperaturas-y-la-escasez-de-agua\/"},"modified":"2022-05-23T12:45:41","modified_gmt":"2022-05-23T10:45:41","slug":"el-cita-recibe-un-premio-por-un-articulo-sobre-las-adaptaciones-funcionales-de-arboles-y-arbustos-para-hacer-frente-a-las-altas-temperaturas-y-la-escasez-de-agua","status":"publish","type":"post","link":"https:\/\/cita-aragon.es\/en\/el-cita-recibe-un-premio-por-un-articulo-sobre-las-adaptaciones-funcionales-de-arboles-y-arbustos-para-hacer-frente-a-las-altas-temperaturas-y-la-escasez-de-agua\/","title":{"rendered":"El CITA recibe un premio por un art\u00edculo sobre las adaptaciones funcionales de \u00e1rboles y arbustos para hacer frente a las altas temperaturas y la escasez de agua"},"content":{"rendered":"<p><a class=\"dt-pswp-item\" href=\"https:\/\/cita-aragon.es\/wp-content\/uploads\/jose_javier_peguero_pina_eustaquio_gil-pelegrin_juan_pedro_ferrio_y_david_alonso-forn_investigadores_del_cita_0.jpg\" data-dt-img-description=\"\" data-large_image_width=\"1824\" data-large_image_height=\"1368\"><img loading=\"lazy\" decoding=\"async\" class=\"alignright size-medium wp-image-61582\" src=\"https:\/\/cita-aragon.es\/wp-content\/uploads\/jose_javier_peguero_pina_eustaquio_gil-pelegrin_juan_pedro_ferrio_y_david_alonso-forn_investigadores_del_cita_0-400x300.jpg\" alt=\"\" width=\"400\" height=\"300\" srcset=\"https:\/\/cita-aragon.es\/wp-content\/uploads\/jose_javier_peguero_pina_eustaquio_gil-pelegrin_juan_pedro_ferrio_y_david_alonso-forn_investigadores_del_cita_0-400x300.jpg 400w, https:\/\/cita-aragon.es\/wp-content\/uploads\/jose_javier_peguero_pina_eustaquio_gil-pelegrin_juan_pedro_ferrio_y_david_alonso-forn_investigadores_del_cita_0-1024x768.jpg 1024w, https:\/\/cita-aragon.es\/wp-content\/uploads\/jose_javier_peguero_pina_eustaquio_gil-pelegrin_juan_pedro_ferrio_y_david_alonso-forn_investigadores_del_cita_0-768x576.jpg 768w, https:\/\/cita-aragon.es\/wp-content\/uploads\/jose_javier_peguero_pina_eustaquio_gil-pelegrin_juan_pedro_ferrio_y_david_alonso-forn_investigadores_del_cita_0-1536x1152.jpg 1536w, https:\/\/cita-aragon.es\/wp-content\/uploads\/jose_javier_peguero_pina_eustaquio_gil-pelegrin_juan_pedro_ferrio_y_david_alonso-forn_investigadores_del_cita_0-300x225.jpg 300w, https:\/\/cita-aragon.es\/wp-content\/uploads\/jose_javier_peguero_pina_eustaquio_gil-pelegrin_juan_pedro_ferrio_y_david_alonso-forn_investigadores_del_cita_0.jpg 1824w\" sizes=\"(max-width: 400px) 100vw, 400px\" \/><\/a>El art\u00edculo de revisi\u00f3n cient\u00edfica\u00b4 \u201cVivir en tierras \u00e1ridas: adaptaciones funcionales de \u00e1rboles y arbustos para hacer frente a las altas temperaturas y la escasez de agua\u201d, escrito por investigadores del Centro de Investigaci\u00f3n y Tecnolog\u00eda Agroalimentaria de Arag\u00f3n (CITA), ha sido premiado por la prestigiosa revista \u201cForests\u201d de \u00e1mbito internacional.<\/p>\n<p>Cada a\u00f1o la revista distingue 2 art\u00edculos de investigaci\u00f3n y dos revisiones cient\u00edficas. El art\u00edculo de revisi\u00f3n premiado corresponde al a\u00f1o 2020 en la categor\u00eda \u201cForestry\u201d (silvicultura) y fue anunciado el pasado 24 de marzo. El premio consiste en publicar un art\u00edculo gratis en la revista junto con un premio en met\u00e1lico de 500 francos suizos. Es la primera vez que se da este galard\u00f3n a investigadores del CITA.<\/p>\n<p>El art\u00edculo \u201cVivir en tierras \u00e1ridas: adaptaciones funcionales de \u00e1rboles y arbustos para hacer frente a las altas temperaturas y la escasez de agua\u201d es una revisi\u00f3n cient\u00edfica de la literatura existente con la incorporaci\u00f3n de datos nuevos donde se analizan las adaptaciones funcionales que desarrollan los \u00e1rboles y arbustos para soportar las condiciones de escasez de agua y altas temperaturas que caracterizan a las zonas \u00e1ridas todas ellas con claros beneficios para el funcionamiento y supervivencia de la planta, pero con diferentes costes en t\u00e9rminos de eficiencia en el uso del agua y ganancia de carbono.<\/p>\n<p>Los autores son Jos\u00e9 Javier Peguero Pina, David Alonso-Forn, Juan Pedro Ferrio, investigador ARAID, Domingo Sancho-Knapik y Eustaquio Gil-Pelegr\u00edn, investigadores del Departamento de Sistemas Agr\u00edcolas, Forestales y Medio Ambiente y de Alberto Vilagrosa del Centro de Estudios Ambientales del Mediterr\u00e1neo de Alicante.<\/p>\n<p>Un art\u00edculo de revisi\u00f3n es una publicaci\u00f3n cient\u00edfica no original en la que se recopila la informaci\u00f3n m\u00e1s relevante de un tema espec\u00edfico. Su finalidad es examinar la bibliograf\u00eda publicada y situarla en cierta perspectiva. En esta ocasi\u00f3n se incluyen datos nuevos.<\/p>\n","protected":false},"excerpt":{"rendered":"<p>El art\u00edculo de revisi\u00f3n cient\u00edfica\u00b4 \u201cVivir en tierras \u00e1ridas: adaptaciones funcionales de \u00e1rboles y arbustos para hacer frente a las altas temperaturas y la escasez de agua\u201d, escrito por investigadores del Centro de Investigaci\u00f3n y Tecnolog\u00eda Agroalimentaria de Arag\u00f3n (CITA), ha sido premiado por la prestigiosa revista \u201cForests\u201d de \u00e1mbito internacional. Cada a\u00f1o la revista&hellip;<\/p>\n","protected":false},"author":3,"featured_media":61582,"comment_status":"closed","ping_status":"closed","sticky":false,"template":"","format":"standard","meta":{"footnotes":""},"categories":[1],"tags":[207,208],"class_list":["post-61552","post","type-post","status-publish","format-standard","has-post-thumbnail","hentry","category-sin-categorizar","tag-departamento-de-sistemas-agricolas","tag-forestales-y-medio-ambiente","category-1","description-off"],"_links":{"self":[{"href":"https:\/\/cita-aragon.es\/en\/wp-json\/wp\/v2\/posts\/61552"}],"collection":[{"href":"https:\/\/cita-aragon.es\/en\/wp-json\/wp\/v2\/posts"}],"about":[{"href":"https:\/\/cita-aragon.es\/en\/wp-json\/wp\/v2\/types\/post"}],"author":[{"embeddable":true,"href":"https:\/\/cita-aragon.es\/en\/wp-json\/wp\/v2\/users\/3"}],"replies":[{"embeddable":true,"href":"https:\/\/cita-aragon.es\/en\/wp-json\/wp\/v2\/comments?post=61552"}],"version-history":[{"count":3,"href":"https:\/\/cita-aragon.es\/en\/wp-json\/wp\/v2\/posts\/61552\/revisions"}],"predecessor-version":[{"id":160048,"href":"https:\/\/cita-aragon.es\/en\/wp-json\/wp\/v2\/posts\/61552\/revisions\/160048"}],"wp:featuredmedia":[{"embeddable":true,"href":"https:\/\/cita-aragon.es\/en\/wp-json\/wp\/v2\/media\/61582"}],"wp:attachment":[{"href":"https:\/\/cita-aragon.es\/en\/wp-json\/wp\/v2\/media?parent=61552"}],"wp:term":[{"taxonomy":"category","embeddable":true,"href":"https:\/\/cita-aragon.es\/en\/wp-json\/wp\/v2\/categories?post=61552"},{"taxonomy":"post_tag","embeddable":true,"href":"https:\/\/cita-aragon.es\/en\/wp-json\/wp\/v2\/tags?post=61552"}],"curies":[{"name":"wp","href":"https:\/\/api.w.org\/{rel}","templated":true}]}}