{"id":61549,"date":"2022-04-19T09:54:05","date_gmt":"2022-04-19T07:54:05","guid":{"rendered":"http:\/\/localhost:8888\/cita\/el-proyecto-foruo-analiza-sus-resultados-finales-en-la-reunion-tecnica-celebrada-en-el-centro-de-ciencia-y-tecnologia-forestal-de-cataluna\/"},"modified":"2022-05-03T12:47:45","modified_gmt":"2022-05-03T10:47:45","slug":"el-proyecto-foruo-analiza-sus-resultados-finales-en-la-reunion-tecnica-celebrada-en-el-centro-de-ciencia-y-tecnologia-forestal-de-cataluna","status":"publish","type":"post","link":"https:\/\/cita-aragon.es\/en\/el-proyecto-foruo-analiza-sus-resultados-finales-en-la-reunion-tecnica-celebrada-en-el-centro-de-ciencia-y-tecnologia-forestal-de-cataluna\/","title":{"rendered":"El proyecto FoRuO analiza sus resultados finales en la reuni\u00f3n t\u00e9cnica celebrada en el Centro de Ciencia y Tecnolog\u00eda Forestal de Catalu\u00f1a"},"content":{"rendered":"<div>Los socios del proyecto Formaci\u00f3n para promover nuevas ocupaciones en el sector forestal y rural (FoRuO), que se inici\u00f3 en 2019 y que finaliza en diciembre de este a\u00f1o. Realizaron la quinta y \u00faltima reuni\u00f3n el pasado 6 de abril, en la que se trabaj\u00f3 en la \u00faltima acci\u00f3n sobre evaluaci\u00f3n de sistemas de equivalencia y posibilidades de certificaci\u00f3n, y se acordaron temas t\u00e9cnicos y financieros para el cierre del proyecto, as\u00ed como opciones para seguir trabajando en el futuro.<\/div>\n<div><\/div>\n<div>Los socios tuvieron la ocasi\u00f3n de visitar las instalaciones del Centro de Ciencia y Tecnolog\u00eda Forestal de Catalu\u00f1a (CTFC) y de participar en la Jornada Final del proyecto el d\u00eda 7 de abril, sobre Formaci\u00f3n y Transferencia en el entorno POCTEFA sobre producci\u00f3n y transformaci\u00f3n de plantas arom\u00e1ticas y medicinales (PAM) y de peque\u00f1os frutos (PF), que se realiz\u00f3 de forma mixta (presencial y on line), con la participaci\u00f3n de Jos\u00e9 Luis Moreno, de la Sociedad Espa\u00f1ola de Agricultura Ecol\u00f3gica\/Agroecolog\u00eda, de Alix Courivaud (Milandou) de FranceAgrimer, de Isabelle Gregoire del CFPPA Nyons (Auvergne-Rh\u00f4ne-Alpes, Francia), de Francisco Mar\u00eda V\u00e1zquez de la Unidad de Biodiversidad Vegetal del centro La Orden de CICYTEX (Extremadura, Espa\u00f1a), y de Guillermo Garc\u00eda Gonz\u00e1lez de Lena, ingeniero t\u00e9cnico agr\u00edcola del \u00c1rea de Experimentaci\u00f3n y Demostraci\u00f3n Agroforestal del Servicio Regional de Investigaci\u00f3n y Desarrollo Agroalimentario del Principado de Asturias \u2013 SERIDA.<\/div>\n<div><\/div>\n<div>D\u00edas antes, las investigadoras Juliana Navarro, del Departamento de Ciencia Vegetal del Centro de Investigaci\u00f3n y Tecnolog\u00eda Agroalimentaria de Arag\u00f3n (CITA), y Eva Mor\u00e9, del Centro de Ciencia y Tecnolog\u00eda Forestal de Catalu\u00f1a (CTFC), dieron a conocer los objetivos y resultados de este proyecto durante el III Coloquio Nacional de Plantas Arom\u00e1ticas y Medicinales celebrado del 24 al 26 de marzo de 2022, en Castelo Branco, Portugal, con la ponencia \u201cNueva oferta transfronteriza sobre producci\u00f3n de plantas arom\u00e1ticas y medicinales\u201d.<\/div>\n<div><\/div>\n<div>Durante el Coloquio, tuvieron la ocasi\u00f3n de ver productos elaborados por productores de Portugal, talleres de degustaci\u00f3n de infusiones, el jard\u00edn bot\u00e1nico y las instalaciones del Centro de Biotecnolog\u00eda de Plantas da Beira Interior, la explotaci\u00f3n de Ervas da Zo\u00e9 y Sementes vivas.<\/div>\n<div><\/div>\n<div>En el proyecto FoRuO colaboran las entidades: Consorcio Centro de Ciencia y Tecnolog\u00eda Forestal de Catalu\u00f1a, el Centro de Formaci\u00f3n Profesional y de la Promoci\u00f3n Agr\u00edcola Ari\u00e8ge-Comminges, el Departamento de Acci\u00f3n Clim\u00e1tica, Alimentaci\u00f3n y Agenda Rural de la Generalitat de Catalu\u00f1a, la Escuela Agraria Forestal de Santa Coloma de Farners, el Centro P\u00fablico Local de Ense\u00f1anza y de la Formaci\u00f3n Profesional Agraria de Perpi\u00f1\u00e1n Roussillon y el CITA.<\/div>\n<div><\/div>\n<div>El proyecto FoRuO ha sido cofinanciado al 65% por el Fondo Europeo de Desarrollo Regional (FEDER) a trav\u00e9s del programa INTERREG V-A Espa\u00f1a-Francia-Andorra (POCTEFA 2014-2020). El objetivo del POCTEFA es reforzar la integraci\u00f3n econ\u00f3mica y social de la zona fronteriza Espa\u00f1a-Francia-Andorra. Su ayuda se concentra en el desarrollo de actividades econ\u00f3micas, sociales y medioambientales transfronterizas a trav\u00e9s de estrategias conjuntas a favor del desarrollo territorial sostenible y concretamente el proyecto se enmarca en el eje prioritario 5 para reforzar las competencias y la inclusi\u00f3n en los territorios, para promover el potencial end\u00f3geno, el desarrollo de los sistemas de formaci\u00f3n y las competencias de las personas del territorio transfronterizo con el fin de mejorar el acceso al empleo.<\/div>\n<div><\/div>\n<div>Para m\u00e1s informaci\u00f3n: <a href=\"https:\/\/foruo.eu\/\">https:\/\/foruo.eu\/<\/a><\/div>\n<div><\/div>\n<div><\/div>\n<div><\/div>\n","protected":false},"excerpt":{"rendered":"<p>Los socios del proyecto Formaci\u00f3n para promover nuevas ocupaciones en el sector forestal y rural (FoRuO), que se inici\u00f3 en 2019 y que finaliza en diciembre de este a\u00f1o. Realizaron la quinta y \u00faltima reuni\u00f3n el pasado 6 de abril, en la que se trabaj\u00f3 en la \u00faltima acci\u00f3n sobre evaluaci\u00f3n de sistemas de equivalencia&hellip;<\/p>\n","protected":false},"author":3,"featured_media":61587,"comment_status":"closed","ping_status":"closed","sticky":false,"template":"","format":"standard","meta":{"footnotes":""},"categories":[1],"tags":[194],"class_list":["post-61549","post","type-post","status-publish","format-standard","has-post-thumbnail","hentry","category-sin-categorizar","tag-departamento-de-ciencia-vegetal","category-1","description-off"],"_links":{"self":[{"href":"https:\/\/cita-aragon.es\/en\/wp-json\/wp\/v2\/posts\/61549"}],"collection":[{"href":"https:\/\/cita-aragon.es\/en\/wp-json\/wp\/v2\/posts"}],"about":[{"href":"https:\/\/cita-aragon.es\/en\/wp-json\/wp\/v2\/types\/post"}],"author":[{"embeddable":true,"href":"https:\/\/cita-aragon.es\/en\/wp-json\/wp\/v2\/users\/3"}],"replies":[{"embeddable":true,"href":"https:\/\/cita-aragon.es\/en\/wp-json\/wp\/v2\/comments?post=61549"}],"version-history":[{"count":1,"href":"https:\/\/cita-aragon.es\/en\/wp-json\/wp\/v2\/posts\/61549\/revisions"}],"predecessor-version":[{"id":61601,"href":"https:\/\/cita-aragon.es\/en\/wp-json\/wp\/v2\/posts\/61549\/revisions\/61601"}],"wp:featuredmedia":[{"embeddable":true,"href":"https:\/\/cita-aragon.es\/en\/wp-json\/wp\/v2\/media\/61587"}],"wp:attachment":[{"href":"https:\/\/cita-aragon.es\/en\/wp-json\/wp\/v2\/media?parent=61549"}],"wp:term":[{"taxonomy":"category","embeddable":true,"href":"https:\/\/cita-aragon.es\/en\/wp-json\/wp\/v2\/categories?post=61549"},{"taxonomy":"post_tag","embeddable":true,"href":"https:\/\/cita-aragon.es\/en\/wp-json\/wp\/v2\/tags?post=61549"}],"curies":[{"name":"wp","href":"https:\/\/api.w.org\/{rel}","templated":true}]}}