{"id":61546,"date":"2022-04-24T12:00:47","date_gmt":"2022-04-24T10:00:47","guid":{"rendered":"http:\/\/localhost:8888\/cita\/el-proyecto-life-clinmed-farm-celebra-su-primera-jornada-tecnica\/"},"modified":"2022-05-03T20:33:17","modified_gmt":"2022-05-03T18:33:17","slug":"el-proyecto-life-clinmed-farm-celebra-su-primera-jornada-tecnica","status":"publish","type":"post","link":"https:\/\/cita-aragon.es\/en\/el-proyecto-life-clinmed-farm-celebra-su-primera-jornada-tecnica\/","title":{"rendered":"El proyecto LIFE CLINMED-FARM celebra su primera jornada t\u00e9cnica"},"content":{"rendered":"<div style=\"text-align: justify;\">\n<p><a class=\"dt-pswp-item\" href=\"https:\/\/cita-aragon.es\/wp-content\/uploads\/220329_life_clinmed_40_0.jpg\" data-dt-img-description=\"\" data-large_image_width=\"2121\" data-large_image_height=\"1414\"><img loading=\"lazy\" decoding=\"async\" class=\"alignright size-medium wp-image-61568\" src=\"https:\/\/cita-aragon.es\/wp-content\/uploads\/220329_life_clinmed_40_0-300x200.jpg\" alt=\"\" width=\"300\" height=\"200\" srcset=\"https:\/\/cita-aragon.es\/wp-content\/uploads\/220329_life_clinmed_40_0-300x200.jpg 300w, https:\/\/cita-aragon.es\/wp-content\/uploads\/220329_life_clinmed_40_0-400x267.jpg 400w, https:\/\/cita-aragon.es\/wp-content\/uploads\/220329_life_clinmed_40_0-1024x683.jpg 1024w, https:\/\/cita-aragon.es\/wp-content\/uploads\/220329_life_clinmed_40_0-768x512.jpg 768w, https:\/\/cita-aragon.es\/wp-content\/uploads\/220329_life_clinmed_40_0-1536x1024.jpg 1536w, https:\/\/cita-aragon.es\/wp-content\/uploads\/220329_life_clinmed_40_0-2048x1365.jpg 2048w\" sizes=\"(max-width: 300px) 100vw, 300px\" \/><\/a>El proyecto europeo LIFE CLINMED-FARM celebra el pr\u00f3ximo 4 de mayo su primera jornada t\u00e9cnica con la participaci\u00f3n de los socios espa\u00f1oles e italianos de esta investigaci\u00f3n europea. La jornada sobre este proyecto, que tiene por objeto el desarrollo de modelos de gesti\u00f3n del pur\u00edn sostenibles y eficaces a escala granja acerc\u00e1ndose a esquemas neutros desde el punto de vista clim\u00e1tico en el marco de la agricultura mediterr\u00e1nea, comenzar\u00e1 con unas palabras de bienvenida por parte de Luc\u00eda Soriano, directora gerente del Centro de Investigaci\u00f3n y Tecnolog\u00eda Agroalimentaria de Arag\u00f3n (CITA), centro coordinador de este proyecto LIFE. Eva Herrero. t\u00e9cnico de la Oficina de Proyectos, har\u00e1 una presentaci\u00f3n general del proyecto LIFE CLINMED-FARM explicando las actividades y objetivos que se llevar\u00e1n a cabo en los pr\u00f3ximos meses.<\/p>\n<p>A continuaci\u00f3n, los socios espa\u00f1oles explicar\u00e1n las acciones que se van a implementar en el caso de estudio en ejecuci\u00f3n en Arag\u00f3n en una granja de porcino de madres. Por un periodo de diez minutos, Marc Bell\u00e9s de la empresa Agropecuaria del Is\u00e1bena, Ram\u00f3n Gea de la empresa Mec\u00e0niques Segal\u00e9s, Carlos Pifarre y \u00c1ngel Porta de la empresa ECOBIOGAS, y Dolores Qu\u00edlez, investigadora del Departamento de Sistemas Agr\u00edcolas, Forestales y Medio Ambiente del CITA, explicar\u00e1n brevemente las iniciativas que se van a desarrollar en el proyecto. A su vez, Marcos Sarteur de la empresa Micropower y Elio Dinuccio, investigador a cargo de la coordinaci\u00f3n de las actividades en Italia, presentar\u00e1n el caso de estudio que se implementar\u00e1 en una granja de vacuno de leche en Piamonte (Italia).<\/p>\n<p>Tras el descanso comenzar\u00e1n las ponencias. Jos\u00e9 Luis Gabriel, investigador de la Universidad del Instituto Nacional de Investigaci\u00f3n y Tecnolog\u00eda Agraria y Alimentaria (INIA), hablar\u00e1 sobre \u201cEconom\u00eda circular aplicada al uso eficiente de los nutrientes en agricultura: nitr\u00f3geno\u201d, Salvador Calvet, investigador de la Universidad Polit\u00e9cnica de Valencia , lo har\u00e1 sobre \u201cHacia una adecuada gesti\u00f3n de los purines integrada en la ganader\u00eda a escala de granja\u201d, Agust\u00edn del Prado, investigador del Basque Centre For Climate Change (BC3-IPCC), explicar\u00e1 \u201cObjetivos de reducci\u00f3n de emisiones en el sector de la ganader\u00eda\u201d y Guido Bezzi, investigador del Consorcio Italiano de Biog\u00e1s, explicar\u00e1 \u201cTransici\u00f3n agroecol\u00f3gica y agricultura mediterr\u00e1nea: el camino hacia la agricultura del carbono\u201d\u201d.<\/p>\n<p>El cierre de la jornada correr\u00e1 a cabo de Alberto Bernu\u00e9s, director de Investigaci\u00f3n del CITA.<\/p>\n<p>El proyecto LIFE CLIN MED-FARM pretende: Contribuir a la mitigaci\u00f3n del cambio clim\u00e1tico optimizando la recuperaci\u00f3n de metano en la granja y mejorando la eficiencia energ\u00e9tica en los procesos de digesti\u00f3n anaer\u00f3bica y producci\u00f3n de biometano adem\u00e1s de reducir las emisiones de Gases de Efecto Invernadero derivadas de la fertilizaci\u00f3n. Minimizar el consumo de insumos externos utilizando de manera m\u00e1s eficiente los nutrientes disponibles en los purines\/subproductos con la intenci\u00f3n de reemplazar completamente el fertilizante sint\u00e9tico all\u00ed donde el fertilizante org\u00e1nico est\u00e1 disponible. Aprovechar las fuentes de energ\u00eda sostenibles y renovables (biog\u00e1s) en las actividades agr\u00edcolas. Determinar el potencial de mitigaci\u00f3n de las diferentes t\u00e9cnicas. Desarrollar y validar m\u00e9todos y t\u00e9cnicas de medida de emisiones a escala de campo robustos y fiables en actividades agroganaderas.<\/p>\n<p>El proyecto tiene una duraci\u00f3n de 4 a\u00f1os y cuenta con un presupuesto de 3.562.937\u20ac (55% financiaci\u00f3n Uni\u00f3n Europea del Programa LIFE de la Uni\u00f3n Europea).<\/p>\n<\/div>\n<p><a href=\"https:\/\/cita-aragon.es\/es\/eventos\/jornada-tecnica-del-proyecto-life-clinmed-farm\">Programa<\/a> completo de la jornada.<\/p>\n","protected":false},"excerpt":{"rendered":"<p>El proyecto europeo LIFE CLINMED-FARM celebra el pr\u00f3ximo 4 de mayo su primera jornada t\u00e9cnica con la participaci\u00f3n de los socios espa\u00f1oles e italianos de esta investigaci\u00f3n europea. La jornada sobre este proyecto, que tiene por objeto el desarrollo de modelos de gesti\u00f3n del pur\u00edn sostenibles y eficaces a escala granja acerc\u00e1ndose a esquemas neutros&hellip;<\/p>\n","protected":false},"author":3,"featured_media":61568,"comment_status":"closed","ping_status":"closed","sticky":false,"template":"","format":"standard","meta":{"footnotes":""},"categories":[1],"tags":[207,208],"class_list":["post-61546","post","type-post","status-publish","format-standard","has-post-thumbnail","hentry","category-sin-categorizar","tag-departamento-de-sistemas-agricolas","tag-forestales-y-medio-ambiente","category-1","description-off"],"_links":{"self":[{"href":"https:\/\/cita-aragon.es\/en\/wp-json\/wp\/v2\/posts\/61546"}],"collection":[{"href":"https:\/\/cita-aragon.es\/en\/wp-json\/wp\/v2\/posts"}],"about":[{"href":"https:\/\/cita-aragon.es\/en\/wp-json\/wp\/v2\/types\/post"}],"author":[{"embeddable":true,"href":"https:\/\/cita-aragon.es\/en\/wp-json\/wp\/v2\/users\/3"}],"replies":[{"embeddable":true,"href":"https:\/\/cita-aragon.es\/en\/wp-json\/wp\/v2\/comments?post=61546"}],"version-history":[{"count":2,"href":"https:\/\/cita-aragon.es\/en\/wp-json\/wp\/v2\/posts\/61546\/revisions"}],"predecessor-version":[{"id":62201,"href":"https:\/\/cita-aragon.es\/en\/wp-json\/wp\/v2\/posts\/61546\/revisions\/62201"}],"wp:featuredmedia":[{"embeddable":true,"href":"https:\/\/cita-aragon.es\/en\/wp-json\/wp\/v2\/media\/61568"}],"wp:attachment":[{"href":"https:\/\/cita-aragon.es\/en\/wp-json\/wp\/v2\/media?parent=61546"}],"wp:term":[{"taxonomy":"category","embeddable":true,"href":"https:\/\/cita-aragon.es\/en\/wp-json\/wp\/v2\/categories?post=61546"},{"taxonomy":"post_tag","embeddable":true,"href":"https:\/\/cita-aragon.es\/en\/wp-json\/wp\/v2\/tags?post=61546"}],"curies":[{"name":"wp","href":"https:\/\/api.w.org\/{rel}","templated":true}]}}