{"id":482016,"date":"2023-12-06T12:40:55","date_gmt":"2023-12-06T11:40:55","guid":{"rendered":"http:\/\/cita-aragon.es\/?p=482016"},"modified":"2023-12-06T13:28:57","modified_gmt":"2023-12-06T12:28:57","slug":"gardeniers-presenta-una-publicacion-unica-sobre-legumbres-de-montana","status":"publish","type":"post","link":"https:\/\/cita-aragon.es\/en\/gardeniers-presenta-una-publicacion-unica-sobre-legumbres-de-montana\/","title":{"rendered":"Gardeniers presenta una publicaci\u00f3n \u00fanica sobre Legumbres de Monta\u00f1a"},"content":{"rendered":"<div class=\"page-content con\">\n<div id=\"m18-16-19\">\n<article id=\"article-94139\" class=\"article default\" data-history-state=\"0\" data-title=\"Gardeniers presenta una publicaci\u00f3n \u00fanica sobre Legumbres de Monta\u00f1a\">\n<div class=\"content-modules\">\n<p class=\"paragraph\">El Departamento de Agricultura, Ganader\u00eda y Alimentaci\u00f3n apoyaba la presentaci\u00f3n del libro presentado ayer en Zaragoza \u201cLegumbres de Monta\u00f1a. Su recuperaci\u00f3n a trav\u00e9s de un viaje apasionante\u201d. Se trata de una obra colectiva, liderada por Gardeniers,el proyecto eco social de ATADES, donde se recoge el resultado del Programa de Recuperaci\u00f3n de Productos Tradicionales Ligados al Territorio con aportaciones cient\u00edficas de expertos en nutrici\u00f3n, agronom\u00eda y gastronom\u00eda. En torno tambi\u00e9n a recetas de platos cocinados por algunos de los chefs m\u00e1s reconocidos de la Comunidad aragonesa y de la Fundaci\u00f3n Alicia (Alimentaci\u00f3n y Ciencia), todo con las legumbres recuperadas en \u201cCielos de Ascara\u201d.<\/p>\n<p class=\"paragraph\">Al acto de presentaci\u00f3n de esta cuidada publicaci\u00f3n asist\u00eda Juan Jos\u00e9 Orri\u00e9s, director general de Innovaci\u00f3n y Promoci\u00f3n Alimentaria del Gobierno de Arag\u00f3n mostrando as\u00ed el apoyo de su departamento a iniciativas que promueven el estudio cient\u00edfico de los alimentos y su puesta en valor en la alimentaci\u00f3n diaria.<\/p>\n<p class=\"paragraph\">El libro \u201ccontempla en su contenido tanto la visi\u00f3n cient\u00edfica y t\u00e9cnica con la que se ha conducido el proyecto de recuperaci\u00f3n de cultivos aut\u00f3ctonos como la social y transformadora, en el contexto del trabajo que ATADES desarrolla con sus iniciativas inclusivas y medio ambientales Gardeniers y Cielos de Ascara, en el Pirineo aragon\u00e9s\u201d.<\/p>\n<p class=\"paragraph\">\u201cLegumbres de Monta\u00f1a\u201d recoge las recetas de relevantes cocineros que utilizan la legumbre aut\u00f3ctona \u201cLegado de Ascara\u201d para elaborar sus platos desde la Fundaci\u00f3n Alicia (\u201cAlimentaci\u00f3n y Ciencia\u201d y los restaurantes Canter\u00e9, Vidocq, Taberna Lillas Pastia, Laved\u00e1n, Ansils, La Cadiera, Canfranc Express, Gayarre, El Cachirulo, El Foro, Riskomar, La Flor de Lis, Saboya 21, Fonda Alcal\u00e1, La F\u00e1brica de Solfa, Aragonia Palafox, River Hall, y Parrilla de Albarrac\u00edn.<\/p>\n<p class=\"paragraph\">El libro cuenta con la participaci\u00f3n especial de Ernesto Fabre, presidente de la Academia Aragonesa de Gastronom\u00eda; Jos\u00e9 Mar\u00eda Ordov\u00e1s, Catedr\u00e1tico de Nutrici\u00f3n, director del Laboratorio de Nutrici\u00f3n y Gen\u00e9tica de la Universidad de Tufts (Boston, EEUU), director cient\u00edfico del Instituto Madrile\u00f1o de Estudios Avanzados (IMDEA), e investigador del Centro Nacional de Investigaciones Cardiovasculares (CINIC); Toni Massan\u00e9s, director general de la Fundaci\u00f3n Alicia, y Cristina Mallor, Investigadora responsable del Banco de Germoplasma Hort\u00edcola del Centro de Investigaci\u00f3n y Tecnolog\u00eda Agroalimentaria (CITA) del Gobierno de Arag\u00f3n.<\/p>\n<p class=\"paragraph\">\u201cLegumbres de Monta\u00f1a\u201d contempla asimismo un recorrido por la gastronom\u00eda de la Comarca de La Jacetania, donde radica el proyecto eco social \u201cCielos de Ascara\u201d. La presentaci\u00f3n se realizaba en el espacio La Zarola de Zaragoza.<\/p>\n<div id=\"m40-39-41\" class=\"article-content-image \">\n<div class=\"media-container\">\n<figure class=\"image-container video-player inline\">\n<div style=\"width: 710px\" class=\"wp-caption alignnone\"><a href=\"https:\/\/www.aragonhoy.es\/intranet\/image\/94355\"><img loading=\"lazy\" decoding=\"async\" src=\"https:\/\/imagenes-pro.aragonhoy.es\/files\/content_image\/uploads\/2023\/12\/06\/657050bf0a917.jpeg\" alt=\"Gardeniers presenta una publicaci\u00f3n \u00fanica sobre Legumbres de Monta\u00f1a\" width=\"700\" height=\"525\" data-full-src=\"https:\/\/imagenes-pro.aragonhoy.es\/uploads\/2023\/12\/06\/657050bf0a917.jpeg\" \/><\/a><p class=\"wp-caption-text\">Gardeniers presenta una publicaci\u00f3n \u00fanica sobre Legumbres de Monta\u00f1a<\/p><\/div><\/figure>\n<\/div>\n<\/div>\n<div id=\"m56-55-57\" class=\"article-content-image \">\n<div class=\"media-container\">\n<figure class=\"image-container video-player inline\">\n<div style=\"width: 710px\" class=\"wp-caption alignnone\"><a href=\"https:\/\/www.aragonhoy.es\/intranet\/image\/94354\"><img loading=\"lazy\" decoding=\"async\" src=\"https:\/\/imagenes-pro.aragonhoy.es\/files\/content_image\/uploads\/2023\/12\/06\/657050784c44a.jpeg\" alt=\"Gardeniers presenta una publicaci\u00f3n \u00fanica sobre Legumbres de Monta\u00f1a\" width=\"700\" height=\"525\" data-full-src=\"https:\/\/imagenes-pro.aragonhoy.es\/uploads\/2023\/12\/06\/657050784c44a.jpeg\" \/><\/a><p class=\"wp-caption-text\">Gardeniers presenta una publicaci\u00f3n \u00fanica sobre Legumbres de Monta\u00f1aCITA<\/p><\/div><\/figure>\n<\/div>\n<\/div>\n<\/div>\n<\/article>\n<\/div>\n<\/div>\n","protected":false},"excerpt":{"rendered":"<p>El Departamento de Agricultura, Ganader\u00eda y Alimentaci\u00f3n apoyaba la presentaci\u00f3n del libro presentado ayer en Zaragoza \u201cLegumbres de Monta\u00f1a. Su recuperaci\u00f3n a trav\u00e9s de un viaje apasionante\u201d. Se trata de una obra colectiva, liderada por Gardeniers,el proyecto eco social de ATADES, donde se recoge el resultado del Programa de Recuperaci\u00f3n de Productos Tradicionales Ligados al&hellip;<\/p>\n","protected":false},"author":5,"featured_media":482023,"comment_status":"closed","ping_status":"closed","sticky":false,"template":"","format":"standard","meta":{"footnotes":""},"categories":[250],"tags":[521,666,667,296],"class_list":["post-482016","post","type-post","status-publish","format-standard","has-post-thumbnail","hentry","category-ciencia-vegetal-2","tag-banco-de-germoplasma-horticola","tag-gardeniers","tag-legumbres-de-montana","tag-pdr","category-250","description-off"],"_links":{"self":[{"href":"https:\/\/cita-aragon.es\/en\/wp-json\/wp\/v2\/posts\/482016"}],"collection":[{"href":"https:\/\/cita-aragon.es\/en\/wp-json\/wp\/v2\/posts"}],"about":[{"href":"https:\/\/cita-aragon.es\/en\/wp-json\/wp\/v2\/types\/post"}],"author":[{"embeddable":true,"href":"https:\/\/cita-aragon.es\/en\/wp-json\/wp\/v2\/users\/5"}],"replies":[{"embeddable":true,"href":"https:\/\/cita-aragon.es\/en\/wp-json\/wp\/v2\/comments?post=482016"}],"version-history":[{"count":2,"href":"https:\/\/cita-aragon.es\/en\/wp-json\/wp\/v2\/posts\/482016\/revisions"}],"predecessor-version":[{"id":482026,"href":"https:\/\/cita-aragon.es\/en\/wp-json\/wp\/v2\/posts\/482016\/revisions\/482026"}],"wp:featuredmedia":[{"embeddable":true,"href":"https:\/\/cita-aragon.es\/en\/wp-json\/wp\/v2\/media\/482023"}],"wp:attachment":[{"href":"https:\/\/cita-aragon.es\/en\/wp-json\/wp\/v2\/media?parent=482016"}],"wp:term":[{"taxonomy":"category","embeddable":true,"href":"https:\/\/cita-aragon.es\/en\/wp-json\/wp\/v2\/categories?post=482016"},{"taxonomy":"post_tag","embeddable":true,"href":"https:\/\/cita-aragon.es\/en\/wp-json\/wp\/v2\/tags?post=482016"}],"curies":[{"name":"wp","href":"https:\/\/api.w.org\/{rel}","templated":true}]}}