{"id":477435,"date":"2023-11-17T09:45:59","date_gmt":"2023-11-17T08:45:59","guid":{"rendered":"http:\/\/cita-aragon.es\/?p=477435"},"modified":"2023-11-17T09:56:39","modified_gmt":"2023-11-17T08:56:39","slug":"javier-castells-tecnico-de-investigacion-del-cita-segundo-en-la-ii-carrera-por-la-ciencia-de-zaragoza","status":"publish","type":"post","link":"https:\/\/cita-aragon.es\/en\/javier-castells-tecnico-de-investigacion-del-cita-segundo-en-la-ii-carrera-por-la-ciencia-de-zaragoza\/","title":{"rendered":"Javier Castells, t\u00e9cnico de investigaci\u00f3n del CITA, segundo en la II Carrera por la Ciencia de Zaragoza"},"content":{"rendered":"<p>El pasado 12 de noviembre se celebr\u00f3 la II Carrera por la Ciencia de Zaragoza, en la que el t\u00e9cnico de investigaci\u00f3n del Departamento de Sistemas Agr\u00edcolas, Forestales y Medio Ambiente del CITA, Javier Castells, qued\u00f3 en segunda posici\u00f3n en categor\u00eda individual masculina. Adem\u00e1s, Agust\u00ed Noya, quien fue investigador predoctoral del Departamento de Ciencia Animal del CITA, se hizo con la sexta posici\u00f3n.<\/p>\n<p>Dicho evento, que se enmarca en la Semana de la Ciencia en Arag\u00f3n, reuni\u00f3 a 800 corredores, 100 m\u00e1s que en la primera edici\u00f3n, que recorrieron 6,28 km dentro del Campus R\u00edo Ebro. Apoyaron, as\u00ed, la labor cient\u00edfica y compartieron los valores de vida saludable y responsabilidad social que emanan del deporte.<\/p>\n<p>La II Carrera por la Ciencia fue organizada por la Universidad de Zaragoza junto con el Consejo Superior de Investigaciones Cient\u00edficas (CSIC), el Instituto Tecnol\u00f3gico de Arag\u00f3n (ITAINNOVA) y el Centro de Empresas e Innovaci\u00f3n de Arag\u00f3n (CEEIARAGON), con el patrocinio de CERTEST BIOTEC y una log\u00edstica coordinada por el\u00a0Servicio de Actividades Deportivas de Unizar.<\/p>\n<h5><img loading=\"lazy\" decoding=\"async\" class=\"alignnone size-full wp-image-477436\" src=\"https:\/\/cita-aragon.es\/wp-content\/uploads\/Carrera-por-la-Ciencia-Unizar-2.jpg\" alt=\"\" width=\"1280\" height=\"853\" \/><\/h5>\n<h6>Fuente: Universidad de Zaragoza.<\/h6>\n","protected":false},"excerpt":{"rendered":"<p>El pasado 12 de noviembre se celebr\u00f3 la II Carrera por la Ciencia de Zaragoza, en la que el t\u00e9cnico de investigaci\u00f3n del Departamento de Sistemas Agr\u00edcolas, Forestales y Medio Ambiente del CITA, Javier Castells, qued\u00f3 en segunda posici\u00f3n en categor\u00eda individual masculina. Adem\u00e1s, Agust\u00ed Noya, quien fue investigador predoctoral del Departamento de Ciencia Animal&hellip;<\/p>\n","protected":false},"author":7,"featured_media":477438,"comment_status":"closed","ping_status":"closed","sticky":false,"template":"","format":"standard","meta":{"footnotes":""},"categories":[41],"tags":[],"class_list":["post-477435","post","type-post","status-publish","format-standard","has-post-thumbnail","hentry","category-recursos-forestales","category-41","description-off"],"_links":{"self":[{"href":"https:\/\/cita-aragon.es\/en\/wp-json\/wp\/v2\/posts\/477435"}],"collection":[{"href":"https:\/\/cita-aragon.es\/en\/wp-json\/wp\/v2\/posts"}],"about":[{"href":"https:\/\/cita-aragon.es\/en\/wp-json\/wp\/v2\/types\/post"}],"author":[{"embeddable":true,"href":"https:\/\/cita-aragon.es\/en\/wp-json\/wp\/v2\/users\/7"}],"replies":[{"embeddable":true,"href":"https:\/\/cita-aragon.es\/en\/wp-json\/wp\/v2\/comments?post=477435"}],"version-history":[{"count":5,"href":"https:\/\/cita-aragon.es\/en\/wp-json\/wp\/v2\/posts\/477435\/revisions"}],"predecessor-version":[{"id":477446,"href":"https:\/\/cita-aragon.es\/en\/wp-json\/wp\/v2\/posts\/477435\/revisions\/477446"}],"wp:featuredmedia":[{"embeddable":true,"href":"https:\/\/cita-aragon.es\/en\/wp-json\/wp\/v2\/media\/477438"}],"wp:attachment":[{"href":"https:\/\/cita-aragon.es\/en\/wp-json\/wp\/v2\/media?parent=477435"}],"wp:term":[{"taxonomy":"category","embeddable":true,"href":"https:\/\/cita-aragon.es\/en\/wp-json\/wp\/v2\/categories?post=477435"},{"taxonomy":"post_tag","embeddable":true,"href":"https:\/\/cita-aragon.es\/en\/wp-json\/wp\/v2\/tags?post=477435"}],"curies":[{"name":"wp","href":"https:\/\/api.w.org\/{rel}","templated":true}]}}