{"id":475443,"date":"2023-10-26T09:11:34","date_gmt":"2023-10-26T07:11:34","guid":{"rendered":"http:\/\/cita-aragon.es\/?p=475443"},"modified":"2023-10-31T13:30:43","modified_gmt":"2023-10-31T12:30:43","slug":"miguel-gutierrez-nuevo-director-del-centro-de-investigacion-y-tecnologia-agroalimentaria-de-aragon","status":"publish","type":"post","link":"https:\/\/cita-aragon.es\/en\/miguel-gutierrez-nuevo-director-del-centro-de-investigacion-y-tecnologia-agroalimentaria-de-aragon\/","title":{"rendered":"Miguel Guti\u00e9rrez, nuevo director del Centro de Investigaci\u00f3n y Tecnolog\u00eda Agroalimentaria de Arag\u00f3n"},"content":{"rendered":"<p><img loading=\"lazy\" decoding=\"async\" class=\" wp-image-475444 alignleft\" src=\"https:\/\/cita-aragon.es\/wp-content\/uploads\/Miguel-Gutierrez.jpg\" alt=\"\" width=\"232\" height=\"290\" \/>El Consejo de Gobierno de Arag\u00f3n aprob\u00f3 este i\u00e9rcoles 25 de octubre el nombramiento de Miguel Guti\u00e9rrez L\u00f3pez como director gerente del Centro de Investigaci\u00f3n y Tecnolog\u00eda Agroalimentaria de Arag\u00f3n (CITA), adscrito al Departamento de Agricultura, Ganader\u00eda y Medio Ambiente.<\/p>\n<p>Miguel Guti\u00e9rrez L\u00f3pez (Zaragoza, 1963) es ingeniero t\u00e9cnico agr\u00edcola por la Escuela Universitaria Polit\u00e9cnica de La Almunia de Do\u00f1a Godina. Tambi\u00e9n cuenta con un M\u00e1ster em Alta Direcci\u00f3n de Empresas Agroalimentarias por las Universidades de la Rioja, Navarra y Zaragoza, un postgrado en Protecci\u00f3n Vegetal Sostenible por la Escuela Polit\u00e9cnica Superior de Huesca y es experto universitario en Comunicaci\u00f3n Agroalimentaria por la Universidad San Jorge y la Asociaci\u00f3n de Periodistas Agroalimentarios de Espa\u00f1a.<\/p>\n<p>Vinculado siempre al departamento al sector de la agricultura y colaborador del Gobierno de Arag\u00f3n con el CITA en materia de cultivos herb\u00e1ceos, actualmente era Jefe de la Unidad T\u00e9cnicas de Cultivos Herb\u00e1ceos del departamento de Agricultura, Ganader\u00eda y Alimentaci\u00f3n del Gobierno de Arag\u00f3n siendo responsable de la red de Fincas de Experimentaci\u00f3n de Cultivos Herb\u00e1ceos en Arag\u00f3n, de la coordinaci\u00f3n t\u00e9cnica, seguimiento y transferencia al sector de cultivos herb\u00e1ceos. Responsable en Arag\u00f3n de la Red de ensayos y transferencia del grupo Nacional de cultivos extensivos GENVE, Grupo para la Evaluaci\u00f3n de Cultivos Extensivos en Espa\u00f1a.m<\/p>\n<p>Entre las distinciones que ha logrado en su carrera profesional destacar que en 2017 fue premio a la Innovaci\u00f3n y a la Investigaci\u00f3n agroalimentaria de la Alianza Agroalimentaria Aragonesa por el trabajo sobre la red de experimentaci\u00f3n de cultivos herb\u00e1ceos en Arag\u00f3n.<\/p>\n","protected":false},"excerpt":{"rendered":"<p>El Consejo de Gobierno de Arag\u00f3n aprob\u00f3 este i\u00e9rcoles 25 de octubre el nombramiento de Miguel Guti\u00e9rrez L\u00f3pez como director gerente del Centro de Investigaci\u00f3n y Tecnolog\u00eda Agroalimentaria de Arag\u00f3n (CITA), adscrito al Departamento de Agricultura, Ganader\u00eda y Medio Ambiente. Miguel Guti\u00e9rrez L\u00f3pez (Zaragoza, 1963) es ingeniero t\u00e9cnico agr\u00edcola por la Escuela Universitaria Polit\u00e9cnica de&hellip;<\/p>\n","protected":false},"author":5,"featured_media":475444,"comment_status":"closed","ping_status":"closed","sticky":false,"template":"","format":"standard","meta":{"footnotes":""},"categories":[330],"tags":[168],"class_list":["post-475443","post","type-post","status-publish","format-standard","has-post-thumbnail","hentry","category-gobierno-de-aragon","tag-director-gerente","category-330","description-off"],"_links":{"self":[{"href":"https:\/\/cita-aragon.es\/en\/wp-json\/wp\/v2\/posts\/475443"}],"collection":[{"href":"https:\/\/cita-aragon.es\/en\/wp-json\/wp\/v2\/posts"}],"about":[{"href":"https:\/\/cita-aragon.es\/en\/wp-json\/wp\/v2\/types\/post"}],"author":[{"embeddable":true,"href":"https:\/\/cita-aragon.es\/en\/wp-json\/wp\/v2\/users\/5"}],"replies":[{"embeddable":true,"href":"https:\/\/cita-aragon.es\/en\/wp-json\/wp\/v2\/comments?post=475443"}],"version-history":[{"count":2,"href":"https:\/\/cita-aragon.es\/en\/wp-json\/wp\/v2\/posts\/475443\/revisions"}],"predecessor-version":[{"id":476574,"href":"https:\/\/cita-aragon.es\/en\/wp-json\/wp\/v2\/posts\/475443\/revisions\/476574"}],"wp:featuredmedia":[{"embeddable":true,"href":"https:\/\/cita-aragon.es\/en\/wp-json\/wp\/v2\/media\/475444"}],"wp:attachment":[{"href":"https:\/\/cita-aragon.es\/en\/wp-json\/wp\/v2\/media?parent=475443"}],"wp:term":[{"taxonomy":"category","embeddable":true,"href":"https:\/\/cita-aragon.es\/en\/wp-json\/wp\/v2\/categories?post=475443"},{"taxonomy":"post_tag","embeddable":true,"href":"https:\/\/cita-aragon.es\/en\/wp-json\/wp\/v2\/tags?post=475443"}],"curies":[{"name":"wp","href":"https:\/\/api.w.org\/{rel}","templated":true}]}}