{"id":462283,"date":"2023-03-17T13:43:31","date_gmt":"2023-03-17T12:43:31","guid":{"rendered":"http:\/\/cita-aragon.es\/?p=462283"},"modified":"2023-03-17T13:43:31","modified_gmt":"2023-03-17T12:43:31","slug":"maru-diaz-la-ciencia-es-determinante-para-anticipar-la-evolucion-de-los-incendios-forestales-y-ha-de-aportar-soluciones-de-futuro-para-la-gestion-forestal","status":"publish","type":"post","link":"https:\/\/cita-aragon.es\/en\/maru-diaz-la-ciencia-es-determinante-para-anticipar-la-evolucion-de-los-incendios-forestales-y-ha-de-aportar-soluciones-de-futuro-para-la-gestion-forestal\/","title":{"rendered":"Maru D\u00edaz: \u201cLa ciencia es determinante para anticipar la evoluci\u00f3n de los incendios forestales y ha de aportar soluciones de futuro para la gesti\u00f3n forestal\u201d"},"content":{"rendered":"<p class=\"paragraph\"><img loading=\"lazy\" decoding=\"async\" class=\" wp-image-462284 alignleft\" src=\"https:\/\/cita-aragon.es\/wp-content\/uploads\/jornada-\u2018Incendios-Forestales-Mas-operativos-frente-a-las-emergencias-2.jpeg\" alt=\"\" width=\"449\" height=\"300\" \/>La consejera de Ciencia, Universidad y Sociedad del Conocimiento, Maru D\u00edaz, ha inaugurado hoy la jornada \u201cIncendios Forestales: M\u00e1s operativos frente a las emergencias\u201d. Un evento que ha aunado la parte m\u00e1s pr\u00e1ctica de la prevenci\u00f3n y la extinci\u00f3n de los incendios forestales, con la importancia de la investigaci\u00f3n cient\u00edfica para afrontar los nuevos retos provocados por el cambio clim\u00e1tico. La actividad, celebrada en la sala noble del Departamento de Agricultura, Ganader\u00eda y Medio Ambiente ha contado con la presencia de notables figuras a nivel estatal, como el diputado del Congreso Rafa Mayoral o el director del Departamento de Incendios Forestales MeteoGrid, David Caballero.<\/p>\n<p class=\"paragraph\">En su intervenci\u00f3n, D\u00edaz ha destacado que \u201cla ciencia es determinante en la comprensi\u00f3n de procesos f\u00edsicos y biol\u00f3gicos que anticipen la evoluci\u00f3n en los incendios forestales\u201d y ha asegurado que \u201cesta tiene el deber, igualmente, de aportar soluciones de futuro para la gesti\u00f3n forestal\u201d. Una gesti\u00f3n, ha incidido, que ha de ser \u201csostenible\u201d y que permita el \u201cdesarrollo de empresas del territorio y la creaci\u00f3n de puestos de trabajo en el medio rural para asentar o atraer poblaci\u00f3n\u201d.<\/p>\n<p class=\"paragraph\">Por otra parte, la responsable auton\u00f3mica ha puesto de relieve la \u201ccolaboraci\u00f3n\u201d habida en estos \u00faltimos a\u00f1os con la Direcci\u00f3n General de Gesti\u00f3n Forestal para cumplir una de las demandas hist\u00f3ricas del sector, as\u00ed como de otros cuerpos de emergencias de Arag\u00f3n: el despliegue de la Red Digital de Emergencias, que va a habilitar canales de comunicaci\u00f3n seguros y exclusivos y va a permitir tener localizados en todo momento a los efectivos, garantizando una respuesta m\u00e1s r\u00e1pida y coordinada. Con una inversi\u00f3n que supera los 12 millones de euros, est\u00e1 cumpliendo los ritmos de despliegue previstos y ha avanzado que podr\u00e1 utilizarse ya en la pr\u00f3xima campa\u00f1a de incendios.<\/p>\n<p class=\"paragraph\">Ante esa nueva campa\u00f1a, ha querido tambi\u00e9n agradecer la labor realizada durante esta legislatura por el director general de Gesti\u00f3n Forestal, Diego Bayona, a quien ha reconocido \u201cuna gran trabajo en la profesionalizaci\u00f3n y dignificaci\u00f3n del operativo aragon\u00e9s INFOAR, un servicio que tiene como finalidad proteger a las personas, a nuestros pueblos y a nuestro patrimonio natural\u201d. A este respecto, ha subrayado como \u201chitos\u201d la aprobaci\u00f3n del Plan de Gesti\u00f3n Forestal de Arag\u00f3n y la inversi\u00f3n hist\u00f3rica de 65,5 millones en esta materia.<\/p>\n<p class=\"paragraph\">La primera parte de la jornada ha sido la m\u00e1s institucional, con la presencia del propio director general, Diego Bayona, el diputado del Congreso, Rafa Mayoral, la directora del Centro de Investigaci\u00f3n y Tecnolog\u00eda Agroalimentaria (CITA), Luc\u00eda Soriano o Andoni Corrales, exdiputado de las Cortes de Arag\u00f3n y actual jefe de gabinete de Ciencia, quien siempre ha abogado por un operativo profesionalizado y activo durante los doce meses del a\u00f1o. El diputado al Congreso Juancho Uralde ha excusado su presencia por motivos de agenda, sin embargo, ha participado en el evento a trav\u00e9s de un v\u00eddeo.<\/p>\n<p class=\"paragraph\">La segunda mesa, la m\u00e1s t\u00e9cnica, ha estado formada por Jorge Crespo, jefe del Servicio de Gesti\u00f3n de los Incendios Forestales y Coordinaci\u00f3n del Gobierno de Arag\u00f3n; David Caballero, del Departamento de MeteoGrid; \u00c1ngela Iglesias, t\u00e9cnico del Ministerio para la Transici\u00f3n Ecol\u00f3gica y el Reto Demogr\u00e1fico; Manuel Mart\u00ednez, bombero forestal de la Xunta de Galicia y Alberto Sartaguda, t\u00e9cnico del servicio del Gobierno de Arag\u00f3n, quien recientemente ha estado en Chile participando en la extinci\u00f3n de los incendios que han devastado el pa\u00eds.<\/p>\n<p class=\"paragraph\">La ma\u00f1ana ha finalizado con la mesa \u201cTrabajar sin quemarnos\u201d, en donde bomberos forestales, as\u00ed como agentes medioambientales y t\u00e9cnicos han hablado de las diferentes dificultades que se encuentran para ejercer su labor, una labor que tiene mucho de voluntad personal.<\/p>\n<p class=\"paragraph\">La jornada ha sido clausurada por Diego Bayona, quien ha destacado \u201cel esfuerzo que ha supuesto actualizar el operativo en los \u00faltimos cuatro a\u00f1os\u201d. \u201cEste a\u00f1o, hemos conseguido aumentar los meses de contrataci\u00f3n, reforzar el personal para mejorar las turnicidades y los horarios en \u00e9poca de alto riesgo, con el aumento de un componente m\u00e1s en las cuadrillas durante esta \u00e9poca y hemos renovado los parques de autom\u00f3viles de los Agentes para la Protecci\u00f3n de la Naturaleza. Adem\u00e1s, estamos terminando de tramitar una inversi\u00f3n de cuatro millones de euros para la renovaci\u00f3n de las Bases de Operaciones, las cinco autobombas y el Puesto de Mando Avanzado Ligero y otras necesidades igualmente importantes\u201d, ha recordado.<\/p>\n<p class=\"paragraph\">Para concluir, ha abogado por seguir apostando a\u00f1o tras a\u00f1o por \u201cmantener y mejorar el trabajo realizado durante esta legislatura, velando y cuidando desde lo p\u00fablico la sostenibilidad de nuestro medio natural para proteger a las personas del territorio, sus hogares y nuestros montes\u201d.<\/p>\n","protected":false},"excerpt":{"rendered":"<p>La consejera de Ciencia, Universidad y Sociedad del Conocimiento, Maru D\u00edaz, ha inaugurado hoy la jornada \u201cIncendios Forestales: M\u00e1s operativos frente a las emergencias\u201d. Un evento que ha aunado la parte m\u00e1s pr\u00e1ctica de la prevenci\u00f3n y la extinci\u00f3n de los incendios forestales, con la importancia de la investigaci\u00f3n cient\u00edfica para afrontar los nuevos retos&hellip;<\/p>\n","protected":false},"author":7,"featured_media":462284,"comment_status":"closed","ping_status":"closed","sticky":false,"template":"","format":"standard","meta":{"footnotes":""},"categories":[246,330],"tags":[270,526,56,525,348],"class_list":["post-462283","post","type-post","status-publish","format-standard","has-post-thumbnail","hentry","category-directora-gerente","category-gobierno-de-aragon","tag-ciencia","tag-gestion-forestal","tag-gobierno-de-aragon","tag-incendios-forestales","tag-lucia-soriano","category-246","category-330","description-off"],"_links":{"self":[{"href":"https:\/\/cita-aragon.es\/en\/wp-json\/wp\/v2\/posts\/462283"}],"collection":[{"href":"https:\/\/cita-aragon.es\/en\/wp-json\/wp\/v2\/posts"}],"about":[{"href":"https:\/\/cita-aragon.es\/en\/wp-json\/wp\/v2\/types\/post"}],"author":[{"embeddable":true,"href":"https:\/\/cita-aragon.es\/en\/wp-json\/wp\/v2\/users\/7"}],"replies":[{"embeddable":true,"href":"https:\/\/cita-aragon.es\/en\/wp-json\/wp\/v2\/comments?post=462283"}],"version-history":[{"count":1,"href":"https:\/\/cita-aragon.es\/en\/wp-json\/wp\/v2\/posts\/462283\/revisions"}],"predecessor-version":[{"id":462286,"href":"https:\/\/cita-aragon.es\/en\/wp-json\/wp\/v2\/posts\/462283\/revisions\/462286"}],"wp:featuredmedia":[{"embeddable":true,"href":"https:\/\/cita-aragon.es\/en\/wp-json\/wp\/v2\/media\/462284"}],"wp:attachment":[{"href":"https:\/\/cita-aragon.es\/en\/wp-json\/wp\/v2\/media?parent=462283"}],"wp:term":[{"taxonomy":"category","embeddable":true,"href":"https:\/\/cita-aragon.es\/en\/wp-json\/wp\/v2\/categories?post=462283"},{"taxonomy":"post_tag","embeddable":true,"href":"https:\/\/cita-aragon.es\/en\/wp-json\/wp\/v2\/tags?post=462283"}],"curies":[{"name":"wp","href":"https:\/\/api.w.org\/{rel}","templated":true}]}}