{"id":461621,"date":"2023-02-23T12:36:14","date_gmt":"2023-02-23T11:36:14","guid":{"rendered":"http:\/\/cita-aragon.es\/?p=461621"},"modified":"2023-02-23T12:43:56","modified_gmt":"2023-02-23T11:43:56","slug":"documentacion-del-infoday-aragon-horizonte-europa-cluster-5-y-6","status":"publish","type":"post","link":"https:\/\/cita-aragon.es\/en\/documentacion-del-infoday-aragon-horizonte-europa-cluster-5-y-6\/","title":{"rendered":"Documentaci\u00f3n del INFODAY ARAG\u00d3N HORIZONTE EUROPA. Cl\u00faster 5 y 6"},"content":{"rendered":"<div>Ya est\u00e1 disponible la <strong>documentaci\u00f3n del INFODAY <\/strong>\u00a0sobre el Cl\u00faster 5 y 6 de Horizonte Europa 2023 que se celebr\u00f3 en el CITA el pasado 26 de enero. Os pasamos en enlace a las presentaciones y al v\u00eddeo de la jornada que se encuentran en el Repositorio del CITA (<a href=\"https:\/\/citarea.cita-aragon.es\/citarea\/handle\/10532\/2167\" target=\"_blank\" rel=\"noopener\" data-saferedirecturl=\"https:\/\/www.google.com\/url?q=https:\/\/citarea.cita-aragon.es\/citarea\/handle\/10532\/2167&amp;source=gmail&amp;ust=1677234993930000&amp;usg=AOvVaw0WOqbGQrZAgHZ3cLk1VQ7e\">https:\/\/citarea.cita-aragon.<wbr \/>es\/citarea\/handle\/10532\/2167<\/a>):<\/div>\n<div><\/div>\n<div>\n<p><a href=\"http:\/\/hdl.handle.net\/10532\/6328\" target=\"_blank\" rel=\"noopener\" data-saferedirecturl=\"https:\/\/www.google.com\/url?q=http:\/\/hdl.handle.net\/10532\/6328&amp;source=gmail&amp;ust=1677234993930000&amp;usg=AOvVaw0Il08XEEN-f7QhWsqu5B_-\">http:\/\/hdl.handle.net\/10532\/<wbr \/>6328<\/a><\/p>\n<p><a href=\"http:\/\/hdl.handle.net\/10532\/6329\" target=\"_blank\" rel=\"noopener\" data-saferedirecturl=\"https:\/\/www.google.com\/url?q=http:\/\/hdl.handle.net\/10532\/6329&amp;source=gmail&amp;ust=1677234993930000&amp;usg=AOvVaw3oiIvmv9NVUI5a7vM57AJk\">http:\/\/hdl.handle.net\/10532\/<wbr \/>6329<\/a><\/p>\n<p><a href=\"http:\/\/hdl.handle.net\/10532\/6330\" target=\"_blank\" rel=\"noopener\" data-saferedirecturl=\"https:\/\/www.google.com\/url?q=http:\/\/hdl.handle.net\/10532\/6330&amp;source=gmail&amp;ust=1677234993930000&amp;usg=AOvVaw1uNhoC9ZoOGnCejxd_UBML\">http:\/\/hdl.handle.net\/10532\/<wbr \/>6330<\/a><\/p>\n<p><a href=\"http:\/\/hdl.handle.net\/10532\/6340\" target=\"_blank\" rel=\"noopener\" data-saferedirecturl=\"https:\/\/www.google.com\/url?q=http:\/\/hdl.handle.net\/10532\/6340&amp;source=gmail&amp;ust=1677234993930000&amp;usg=AOvVaw0Oy0c_jiJOmtPWrI0PZTQq\">http:\/\/hdl.handle.net\/10532\/<wbr \/>6340<\/a><\/p>\n<\/div>\n<p>La Jornada\u00a0 se organiz\u00f3 en colaboraci\u00f3n con el CDTI y con el Departamento de Ciencia, Universidad y Sociedad del Conocimiento del Gobierno de Arag\u00f3n, una jornada informativa mixta (presencial y online) sobre el Programa Horizonte Europa el pasado\u00a0 26 de enero en el Sal\u00f3n de Actos del CITA.<\/p>\n<p>En esta jornada se presentaron\u00a0 las convocatorias <strong>2023 del Cl\u00faster 6 (Alimentaci\u00f3n, Bioeconom\u00eda, Recursos Naturales, Agricultura y Medioambiente) y del Cl\u00faster 5 (parte de Clima),<\/strong> as\u00ed como los partenariados europeos y las misiones relacionadas con las tem\u00e1ticas, y se ofrecer\u00e1 asesor\u00eda para la preparaci\u00f3n de propuestas exitosas.<\/p>\n<p>&nbsp;<\/p>\n<p><img loading=\"lazy\" decoding=\"async\" class=\" wp-image-458198 alignleft\" src=\"https:\/\/cita-aragon.es\/wp-content\/uploads\/logo-Horizonte-Europa.jpg\" alt=\"\" width=\"124\" height=\"84\" \/><img loading=\"lazy\" decoding=\"async\" class=\"wp-image-458201 alignleft\" src=\"https:\/\/cita-aragon.es\/wp-content\/uploads\/HoirizonteEuropa.jpg\" alt=\"\" width=\"120\" height=\"120\" \/><\/p>\n","protected":false},"excerpt":{"rendered":"<p>Ya est\u00e1 disponible la documentaci\u00f3n del INFODAY \u00a0sobre el Cl\u00faster 5 y 6 de Horizonte Europa 2023 que se celebr\u00f3 en el CITA el pasado 26 de enero. Os pasamos en enlace a las presentaciones y al v\u00eddeo de la jornada que se encuentran en el Repositorio del CITA (https:\/\/citarea.cita-aragon.es\/citarea\/handle\/10532\/2167): http:\/\/hdl.handle.net\/10532\/6328 http:\/\/hdl.handle.net\/10532\/6329 http:\/\/hdl.handle.net\/10532\/6330 http:\/\/hdl.handle.net\/10532\/6340 La&hellip;<\/p>\n","protected":false},"author":5,"featured_media":461624,"comment_status":"closed","ping_status":"closed","sticky":false,"template":"","format":"standard","meta":{"footnotes":""},"categories":[306,240,250,242,249,244,246,243,330,1,41],"tags":[400,513],"class_list":["post-461621","post","type-post","status-publish","format-standard","has-post-thumbnail","hentry","category-centro-de-innovacion-en-bioeconomia-rural-de-teruel","category-ciencia-animal","category-ciencia-vegetal-2","category-ciencia-vegetal","category-departamentos","category-direccion-de-investigacion","category-directora-gerente","category-economia-agroalimentaria","category-gobierno-de-aragon","category-sin-categorizar","category-recursos-forestales","tag-horizonte-europa","tag-infoday","category-306","category-240","category-250","category-242","category-249","category-244","category-246","category-243","category-330","category-1","category-41","description-off"],"_links":{"self":[{"href":"https:\/\/cita-aragon.es\/en\/wp-json\/wp\/v2\/posts\/461621"}],"collection":[{"href":"https:\/\/cita-aragon.es\/en\/wp-json\/wp\/v2\/posts"}],"about":[{"href":"https:\/\/cita-aragon.es\/en\/wp-json\/wp\/v2\/types\/post"}],"author":[{"embeddable":true,"href":"https:\/\/cita-aragon.es\/en\/wp-json\/wp\/v2\/users\/5"}],"replies":[{"embeddable":true,"href":"https:\/\/cita-aragon.es\/en\/wp-json\/wp\/v2\/comments?post=461621"}],"version-history":[{"count":1,"href":"https:\/\/cita-aragon.es\/en\/wp-json\/wp\/v2\/posts\/461621\/revisions"}],"predecessor-version":[{"id":461622,"href":"https:\/\/cita-aragon.es\/en\/wp-json\/wp\/v2\/posts\/461621\/revisions\/461622"}],"wp:featuredmedia":[{"embeddable":true,"href":"https:\/\/cita-aragon.es\/en\/wp-json\/wp\/v2\/media\/461624"}],"wp:attachment":[{"href":"https:\/\/cita-aragon.es\/en\/wp-json\/wp\/v2\/media?parent=461621"}],"wp:term":[{"taxonomy":"category","embeddable":true,"href":"https:\/\/cita-aragon.es\/en\/wp-json\/wp\/v2\/categories?post=461621"},{"taxonomy":"post_tag","embeddable":true,"href":"https:\/\/cita-aragon.es\/en\/wp-json\/wp\/v2\/tags?post=461621"}],"curies":[{"name":"wp","href":"https:\/\/api.w.org\/{rel}","templated":true}]}}