{"id":400632,"date":"2022-10-31T13:03:15","date_gmt":"2022-10-31T12:03:15","guid":{"rendered":"http:\/\/cita-aragon.es\/?p=400632"},"modified":"2022-11-02T12:33:43","modified_gmt":"2022-11-02T11:33:43","slug":"aragon-celebrara-del-7-al-20-de-noviembre-la-semana-de-la-ciencia","status":"publish","type":"post","link":"https:\/\/cita-aragon.es\/en\/aragon-celebrara-del-7-al-20-de-noviembre-la-semana-de-la-ciencia\/","title":{"rendered":"Arag\u00f3n celebrar\u00e1 del 7 al 20 de noviembre la Semana de la Ciencia"},"content":{"rendered":"<p class=\"paragraph\">Arag\u00f3n vuelve a volcarse con la celebraci\u00f3n de la Semana de la Ciencia. Entre los pr\u00f3ximos d\u00edas 7 y 20 de noviembre, se llevar\u00e1n a cabo diferentes actividades, coordinadas por la Direcci\u00f3n General de Investigaci\u00f3n e Innovaci\u00f3n del Gobierno de Arag\u00f3n, para acercar la labor que desarrollan los distintos agentes del ecosistema en la Comunidad y \u201cmejorar el di\u00e1logo entre la ciudadan\u00eda y la ciencia\u201d. Centros de investigaci\u00f3n, parques tecnol\u00f3gicos, instituciones y la universidad abrir\u00e1n sus puertas para que los aragoneses conozcan de primera mano su trabajo y las principales l\u00edneas de investigaci\u00f3n que est\u00e1n desarrollando.<\/p>\n<p class=\"paragraph\">La Semana de la Ciencia, que se viene celebrando en Espa\u00f1a desde el a\u00f1o 2001 y que el Ejecutivo auton\u00f3mico retoma despu\u00e9s de una d\u00e9cada, persigue estimular el saber cient\u00edfico y la implicaci\u00f3n de la ciudadan\u00eda para avanzar hacia una verdadera sociedad del conocimiento.<\/p>\n<p class=\"paragraph\">La programaci\u00f3n entronca con uno de los objetivos del nuevo Plan Auton\u00f3mico de Investigaci\u00f3n, Desarrollo e Innovaci\u00f3n (III PAIDI 2021-2027), que apuesta por involucrar a la sociedad, alentar la cultura y las vocaciones cient\u00edficas, fomentar la naturaleza investigadora de colectivos no vinculados a la I+D+i y crear entornos divulgativos adecuados.<\/p>\n<p class=\"paragraph\">\u201cTenemos que ser capaces de trasladar a la ciudadan\u00eda la importancia de la ciencia para el bienestar y el progreso de nuestras sociedades, y lograr que la valorizaci\u00f3n de la investigaci\u00f3n y la concienciaci\u00f3n que trajo consigo la crisis sanitaria se mantenga en el largo plazo para que la ciencia nunca m\u00e1s vuelva a ser pagana de ning\u00fan austericidio\u201d, ha explicado el director general de Investigaci\u00f3n e Innovaci\u00f3n, Ram\u00f3n Guirado.<\/p>\n<p class=\"paragraph\">En este sentido, la Semana de la Ciencia quiere \u201cinspirar y acercar la investigaci\u00f3n a ciudadan\u00eda, para tener una sociedad m\u00e1s basada en el conocimiento, que nos ayude a enfrentar los retos del futuro como el cambio clim\u00e1tico o las pandemias y para explorar y comprender mejor el universo\u201d. Todo el programa completo puede consultarse en la web\u00a0<a href=\"https:\/\/www.aragonhoy.es\/ciencia-universidad-y-sociedad-del-conocimiento\/www.aragoninvestiga.es\" target=\"_blank\" rel=\"noopener\">www.aragoninvestiga.es<\/a>, el nuevo portal auton\u00f3mico dedicado al campo de la investigaci\u00f3n y de la ciencia.<\/p>\n<p class=\"paragraph\">Para acercar las ciencias b\u00e1sicas, despertar el inter\u00e9s de la ciudadan\u00eda y llegar a un p\u00fablico m\u00e1s joven, a lo largo de esos d\u00edas se lanzar\u00e1 una campa\u00f1a de v\u00eddeos divulgativos en redes sociales, entre ellas Tik Tok, de contenido cient\u00edfico. Mostrar\u00e1n las potentes investigaciones que se est\u00e1n llevando a cabo en Arag\u00f3n sobre hidr\u00f3geno verde; astrof\u00edsica y f\u00edsica de altas energ\u00edas; materiales avanzados; biotecnolog\u00eda aplicada a la salud; y transici\u00f3n verde del sistema agroalimentario, como Comunidad l\u00edder en los llamados planes complementarios, proyectos cofinanciados por el Ministerio de Ciencia.<\/p>\n<div id=\"m40-39-41\" class=\"content-audio audio \">\n<p><strong id=\"m67-66-68\">El director general de Investigaci\u00f3n e Innovaci\u00f3n explica los objetivos de la Semana de la Ciencia <\/strong><span id=\"m72-71-73\">&#8220;Queremos mejorar el di\u00e1logo entre la ciudadan\u00eda y la ciencia&#8221;<\/span><\/p>\n<p><audio src=\"https:\/\/www.aragonhoy.es\/uploads\/2022\/10\/28\/635be11c277de.mp3\" controls=\"controls\" data-mce-fragment=\"1\"><\/audio><\/p>\n<\/div>\n<p class=\"paragraph\">Los v\u00eddeos descubrir\u00e1n tambi\u00e9n algunas de las Instalaciones Cient\u00edfico T\u00e9cnica Singulares que atesora Arag\u00f3n, como el Observatorio Astrof\u00edsico de Javalambre, el Laboratorio Subterr\u00e1neo de Canfranc, el Laboratorio de Microscop\u00edas Avanzadas o el centro de supercomputaci\u00f3n.<\/p>\n<p class=\"paragraph\">Por otra parte, los d\u00edas 11, 18, 19 y 20 saldr\u00e1 a la calle el<strong>\u00a0\u2018Fotomat\u00f3n cient\u00edfico participativo \u00bfQu\u00e9 es para ti la ciencia?<\/strong>\u2019. Se trata de una instalaci\u00f3n en la que los ciudadanos podr\u00e1n contar lo que ellos entienden por ciencia, lo que conocen sobre la materia y aquellos retos que les gustar\u00eda poder resolver a trav\u00e9s de la investigaci\u00f3n. Posteriormente, las grabaciones podr\u00e1n descargarse y ser compartidas, a trav\u00e9s de una web habilitada al efecto, y con ellas se compondr\u00e1 un video final que recoger\u00e1 el sentir de los aragoneses por la ciencia.<\/p>\n<p class=\"paragraph\">Junto a esta actividad de participaci\u00f3n ciudadana, que se instalar\u00e1 los d\u00edas 11 y 18 en el Campus San Francisco de la Universidad de Zaragoza (de 10 a 14 horas); el d\u00eda 19 en el Edificio Paraninfo (de 16:30 a 20:30), y el d\u00eda 20 en el Campus R\u00edo Ebro (de 10 a 13 horas), se pondr\u00e1 tambi\u00e9n a disposici\u00f3n de la ciudadan\u00eda un punto de informaci\u00f3n, en el que diferentes agentes de la I+D+i dar\u00e1n a conocer su trabajo. Y en el que podr\u00e1n realizarse talleres de nanociencia y de cata de manzanas, adem\u00e1s de conocer al robot Pepper e interactuar con \u00e9l.<\/p>\n<p class=\"paragraph\">El\u00a0<strong>Centro de Investigaci\u00f3n y Tecnolog\u00eda Agroalimentaria de Arag\u00f3n (CITA)<\/strong>\u00a0tambi\u00e9n se sumar\u00e1 a la Semana mostrando dos proyectos en el \u2018Rinc\u00f3n de la Ciencia\u2019, impulsado por la Universidad de Zaragoza en el campus de San Francisco. El d\u00eda 11, expondr\u00e1 el programa de educaci\u00f3n y vocaciones cient\u00edficas \u2018Mensajeros de Salud Global\u2019, que cuenta con financiaci\u00f3n de la FECYT. A trav\u00e9s de la gamificaci\u00f3n, quienes se acerquen al stand podr\u00e1n conocer los conceptos clave y fundamentos de la Salud Global y las investigaciones que se llevan a cabo en este centro sobre One Health.<\/p>\n<p class=\"paragraph\">Y el d\u00eda 18, de la mano del\u00a0<strong>Instituto Pirenaico de Ecolog\u00eda y la Fundaci\u00f3n Ibercivis<\/strong>, dar\u00e1 a conocer el proyecto de ciencia ciudadana \u2018Fuenaragon\u2019 que cuenta con <span style=\"font-weight: 400;\">\u00a0la colaboraci\u00f3n de la Fundaci\u00f3n Espa\u00f1ola de Ciencia y Tecnolog\u00eda-Ministerio de Ciencia e Innovaci\u00f3n<\/span>,\u00a0 y que persigue recuperar el patrimonio natural y cultural de las fuentes y manantiales de nuestra Comunidad. Su objetivo es identificar y caracterizar tanto geogr\u00e1fica, hidrol\u00f3gica, etnol\u00f3gica como ambientalmente, las fuentes y manantiales de la Comunidad Aut\u00f3noma de Arag\u00f3n a trav\u00e9s de la ciencia ciudadana. La actividad consistir\u00e1 en dar a conocer el proyecto y animar a la ciudadan\u00eda a participar en el mapa de las fuentes y manantiales que hay en Arag\u00f3n.<\/p>\n<p class=\"paragraph\">Ambos d\u00edas, quienes se acerquen al campus podr\u00e1n disfrutar adem\u00e1s de otros experimentos y demostraciones, juegos y retos en el\u00a0<strong>Rinc\u00f3n de la Ciencia<\/strong>, instalado junto al Mercado Agroalimentario, todo ello coordinado por la\u00a0<strong>Unidad de Cultura Cient\u00edfica de la universidad p\u00fablica.<\/strong><\/p>\n<p class=\"paragraph\">Por su parte, el\u00a0<strong>Centro de F\u00edsica del Cosmos de Arag\u00f3n (CEFCA)<\/strong>\u00a0celebrar\u00e1 un ciclo de conferencias en el sal\u00f3n de actos de la C\u00e1mara de Comercio e Industria de Teruel. La primera, prevista para el d\u00eda 8, versar\u00e1 sobre los \u2018Avances recientes en mec\u00e1nica de fluidos computacional\u2019 y correr\u00e1 a cargo del doctor Gonzalo Rubio Calzado, de la Universidad Polit\u00e9cnica de Madrid. El d\u00eda 10, Alberto Romero, \u2018Strategical Operations Manager\u2019 de PLD Space, hablar\u00e1 sobre el \u2018Miura en el mercado de los peque\u00f1os lanzadores\u2019.<\/p>\n<p class=\"paragraph\">El d\u00eda 15, ser\u00e1 el turno del doctor Mariano Moles, con la sesi\u00f3n \u2018El Universo. Luces y Sombras\u2019, y el 17, el doctor Luis Mampel, de la Fundaci\u00f3n Conjunto Paleontol\u00f3gico de Teruel-Din\u00f3polis, cerrar\u00e1 el programa con \u2018Dinosaurios y Carb\u00f3n\u2019. Todas las sesiones ser\u00e1n a las 19:30 horas.<\/p>\n<p class=\"paragraph\">Adem\u00e1s, el d\u00eda 19 al mediod\u00eda, en la plaza de San Juan de Teruel, el CEFCA organiza el taller con observaci\u00f3n del sol \u2018Descubre el Sistema solar\u2019 para comprender las escalas, a trav\u00e9s de una actividad abierto tanto a peque\u00f1os como a mayores.<\/p>\n<p class=\"paragraph\">La transici\u00f3n ecol\u00f3gica y digital para adaptarse y mitigar el cambio clim\u00e1tico centrar\u00e1 la jornada impulsada por la\u00a0<strong>Fundaci\u00f3n Aragonesa para la Investigaci\u00f3n y el Desarrollo.<\/strong>\u00a0Estar\u00e1 abierta al p\u00fablico en general, pero tambi\u00e9n a responsables de investigaci\u00f3n y de cl\u00fasteres, y tendr\u00e1 lugar el d\u00eda 18 en la propia sede de ARAID (avenida de Ranillas 1-D), de 10 a 13 horas.<\/p>\n<p class=\"paragraph\">Siete investigadores ARAID ser\u00e1n los ponentes. Arrancar\u00e1 la sesi\u00f3n Jorge Pey Betr\u00e1n (Instituto Pirenaico de Ecolog\u00eda-CSIC), con el proyecto \u2018Necesito un cambio de aires\u2019, orientado a fortalecer la ense\u00f1anza de las ciencias y concienciar sobre la contaminaci\u00f3n atmosf\u00e9rica desde la experimentaci\u00f3n, y en el que m\u00e1s de 400 alumnos de seis centros educativos aragoneses analizan y mejoran la calidad del aire de su entorno.<\/p>\n<p class=\"paragraph\">A continuaci\u00f3n, Jes\u00fas Mart\u00ednez Padilla, tambi\u00e9n del IPE, expondr\u00e1 el proyecto BIOTREND (Biodiversity trends and the impact of global change drivers). Jos\u00e9 Olmo Badenas, investigador en la Facultad de Econom\u00eda de Unizar, disertar\u00e1 sobre la Heterogenidad del Cambio Clim\u00e1tico; mientras Jonas Gurauskis, del Instituto de Nanociencia y Materiales, habr\u00e1 sobre el \u2018Impulso a la producci\u00f3n de metanol en condiciones templadas a partir de emisiones de gases de efecto invernadero y biog\u00e1s: evaluaci\u00f3n de componentes, dise\u00f1o de sistemas y procesos de validaci\u00f3n\u2019.<\/p>\n<p class=\"paragraph\">A su vez, Vanesa Gil Hern\u00e1ndez, de la Fundaci\u00f3n para el Desarrollo de las Nuevas Tecnolog\u00edas del Hidr\u00f3geno en Arag\u00f3n, explicar\u00e1 el proyecto C2MetOH, de Emisiones de carbono a metanol: proceso de optimizaci\u00f3n para producci\u00f3n renovable y sostenible. Juan Pedro Ferrio D\u00edaz, del CITA, hablar\u00e1 sobre el papel de la gesti\u00f3n forestal en el secuestro de carbono y la adaptaci\u00f3n al cambio clim\u00e1tico, presentando, entre otros, los proyectos CO2PPICE y MacMICC. Y por \u00faltimo, David \u00cd\u00f1iguez Dieste, investigador en el Instituto de Biocomputaci\u00f3n y F\u00edsica de Sistemas Complejos, disertar\u00e1 sobre el desarrollo de un modelo predictivo de predisposici\u00f3n a la p\u00e9rdida de densidad mineral \u00f3sea mediante t\u00e9cnicas de inteligencia artificial.<\/p>\n<p class=\"paragraph\">Precisamente, sobre Inteligencia Artificial versar\u00e1 la jornada organizada por el\u00a0<strong>Centro para el Desarrollo Tecnol\u00f3gico y la Innovaci\u00f3n<\/strong>\u00a0en ITAINNOVA el d\u00eda 8 y que contar\u00e1 con la presencia de Pilar Rom\u00e1n, del CDTI; y de Pablo P\u00e9rez, presidente del Arag\u00f3n Digital Innovation Hub, entidad que ha propuesto a Zaragoza como sede de la futura Agencia Espa\u00f1ola de Supervisi\u00f3n en IA.<\/p>\n<p class=\"paragraph\">La sede del\u00a0<strong>Instituto Tecnol\u00f3gico de Arag\u00f3n\u00a0<\/strong>acoger\u00e1 tambi\u00e9n, el d\u00eda 14, a las 11 horas, la Jornada Regional sobre Aspectos Legales y Financieros de Horizonte Europa, el nuevo programa marco de investigaci\u00f3n e innovaci\u00f3n (I+I) de la Uni\u00f3n Europea, con la participaci\u00f3n de Carmen Bello y Gustavo Garc\u00eda, de la Fundaci\u00f3n Espa\u00f1ola para la Ciencia y la Tecnolog\u00eda. La organiza la Direcci\u00f3n General de Investigaci\u00f3n e Innovaci\u00f3n en colaboraci\u00f3n con el\u00a0<strong>Centro para el Desarrollo Tecnol\u00f3gico y la Innovaci\u00f3n (CDTI) y la FECYT.<\/strong><\/p>\n<p class=\"paragraph\"><strong>ITAINNOVA\u00a0<\/strong>se unir\u00e1 tambi\u00e9n a la celebraci\u00f3n con dos sesiones que podr\u00e1n seguirse en streaming los d\u00edas 14 y 16 de noviembre. Desde TechnoPark, se abordar\u00e1 \u2018\u00bfC\u00f3mo puede dar la tecnolog\u00eda una segunda vida a los motores de autom\u00f3vil?, y desde la Reserva Biosfera Ordesa Vi\u00f1amala, en Torla, se hablar\u00e1 acerca de \u2018\u00bfC\u00f3mo puede cambiar la tecnolog\u00eda espacial las comunicaciones en los Valles Pirenaicos?<\/p>\n<p class=\"paragraph\">Adem\u00e1s, su directora, Esther Borao; el responsable de Big Data y Sistemas Cognitivos, Rafael del Hoyo, y el robot Pepper conversar\u00e1n el d\u00eda 18 (19 horas) sobre \u2018Exploraci\u00f3n y explotaci\u00f3n espacial con rob\u00f3tica aut\u00f3noma\u2019 en el centro de Ciencias Pedro Pascual, de Benasque.<\/p>\n<p class=\"paragraph\">Asimismo, la\u00a0<strong>Delegaci\u00f3n Institucional del CSIC en Arag\u00f3n<\/strong>\u00a0ha organizado, del 8 al 14 de noviembre, jornadas de puertas abiertas en sus centros para divulgar el trabajo que vienen desarrollando. As\u00ed, la Estaci\u00f3n experimental de Aula Dei mostrar\u00e1, por ejemplo, c\u00f3mo se extrae el ADN de la fruta o c\u00f3mo se obtienen las plantas transg\u00e9nicas; el Instituto de Carboqu\u00edmica har\u00e1 lo propio con el reciclado de neum\u00e1ticos usados y la captura y almacenamiento de CO2, y el Instituto Geol\u00f3gico y Minero expondr\u00e1 sus proyectos sobre el volcanismo de Arag\u00f3n y la calidad del agua; y los Institutos de Nanociencia y Materiales y de S\u00edntesis Qu\u00edmica y Cat\u00e1lisis Homog\u00e9nea, mixtos con la Universidad de Zaragoza, pondr\u00e1n la ciencia de los materiales y los nanomateriales al alcance de todos y desentra\u00f1ar\u00e1n la qu\u00edmica en los Objetivos de Desarrollo Sostenible.<\/p>\n<p class=\"paragraph\">Todo ello vendr\u00e1 precedido de una jornada previa, el d\u00eda 8 a las 10:30, en la sede institucional \u2013plaza Emilio Alfaro 2-3- donde se inaugurar\u00e1 la exposici\u00f3n \u00bfHay alguna cient\u00edfica en la sala?, se proyectar\u00e1 el documental \u2018Al paso del hielo\u2019 y la directora del Instituto Geol\u00f3gico Minero de Espa\u00f1a pronunciar\u00e1 la conferencia \u00bfVivimos en el Antropoceno?.<\/p>\n<p class=\"paragraph\">A la pregunta \u00bfQu\u00e9 sabemos de\u2026? tratar\u00e1n de dar respuesta los investigadores invitados por el\u00a0<strong>CSIC y la Fundaci\u00f3n Ibercaja<\/strong>\u00a0a un ciclo, que tendr\u00e1 lugar los d\u00edas 7 y 14, a las 19 horas, en el Patio de la Infanta y para el que es necesario inscripci\u00f3n previa en la web\u00a0<a href=\"https:\/\/www.fundacionibercaja.es\/actividades\/conferencias-y-mesas-redondas\/\" target=\"_blank\" rel=\"noopener\">https:\/\/www.fundacionibercaja.es\/actividades\/conferencias-y-mesas-redondas\/<\/a><\/p>\n<p class=\"paragraph\">En la primera sesi\u00f3n, Nuria Campillo Mart\u00edn, del Centro de Investigaciones Biol\u00f3gicas Margarita Salas, impartir\u00e1 la ponencia \u2018Lo viejo es bueno: reposicionamiento de medicamentos\u2019, y en la segunda Fernando Valladares Ros, del Museo Nacional de Ciencias Naturales (MNCN-CSIC), hablar\u00e1 sobre \u2018Todo lo que podemos ganar si cambiamos nuestra relaci\u00f3n con la naturaleza\u2019.<\/p>\n<p class=\"paragraph\">Para cerrar la Semana, la ciencia y el deporte se dar\u00e1n la mano el domingo 20 en la I Carrera por la Ciencia, que tratar\u00e1 de visibilizar y apoyar la labor cient\u00edfica, al tiempo que promover\u00e1 h\u00e1bitos de vida saludables. La organizan la Universidad de Zaragoza, junto al Consejo Superior de Investigaciones Cient\u00edficas (CSIC), el Instituto Tecnol\u00f3gico de Arag\u00f3n (ITAINNOVA) y el Centro de Empresas e Innovaci\u00f3n de Arag\u00f3n (CEEIARAGON), y se desarrollar\u00e1 en las inmediaciones del campus R\u00edo Ebro, en el barrio del Actur, con un recorrido muy significativo, ya que la distancia ser\u00e1 de 2 \u03c0, esto es 6,28 kil\u00f3metros.<\/p>\n<p class=\"paragraph\">Las inscripciones pueden realizarse online a trav\u00e9s de la web\u00a0<a href=\"https:\/\/carreraporlaciencia.unizar.es\/\" target=\"_blank\" rel=\"noopener\">carreraporlaciencia.es<\/a>\u00a0hasta el pr\u00f3ximo d\u00eda 16 de noviembre, o hasta completar el m\u00e1ximo de plazas disponibles. La carrera est\u00e1 abierta a toda la ciudadan\u00eda mayor de 16 a\u00f1os, y se podr\u00e1 participar de manera individual, o grupal, vincul\u00e1ndose con un equipo. Los equipos estar\u00e1n formados por personas que pertenezcan a entidades relacionadas con la ciencia y\/o la innovaci\u00f3n: grupo de investigaci\u00f3n, departamento universitario, centro universitario, empresa u otra organizaci\u00f3n del sector.<\/p>\n<p class=\"paragraph\">Adem\u00e1s de este programa, desde el Gobierno de Arag\u00f3n se ha invitado a los centros educativos aragoneses a participar en los actos organizados y a impulsar actividades cient\u00edficas en las aulas con la implicaci\u00f3n del profesorado durante estos d\u00edas para multiplicar el efecto de la programaci\u00f3n.<\/p>\n","protected":false},"excerpt":{"rendered":"<p>Arag\u00f3n vuelve a volcarse con la celebraci\u00f3n de la Semana de la Ciencia. Entre los pr\u00f3ximos d\u00edas 7 y 20 de noviembre, se llevar\u00e1n a cabo diferentes actividades, coordinadas por la Direcci\u00f3n General de Investigaci\u00f3n e Innovaci\u00f3n del Gobierno de Arag\u00f3n, para acercar la labor que desarrollan los distintos agentes del ecosistema en la Comunidad&hellip;<\/p>\n","protected":false},"author":5,"featured_media":400633,"comment_status":"closed","ping_status":"closed","sticky":false,"template":"","format":"standard","meta":{"footnotes":""},"categories":[245,248],"tags":[177,402,404,403],"class_list":["post-400632","post","type-post","status-publish","format-standard","has-post-thumbnail","hentry","category-area-de-informacion-documentacion-y-cultura-cientifica","category-ciencia-ciudadana","tag-ciencia-ciudadana","tag-fuenaragon","tag-mensajeros-de-salud-global","tag-semana-de-la-ciencia","category-245","category-248","description-off"],"_links":{"self":[{"href":"https:\/\/cita-aragon.es\/en\/wp-json\/wp\/v2\/posts\/400632"}],"collection":[{"href":"https:\/\/cita-aragon.es\/en\/wp-json\/wp\/v2\/posts"}],"about":[{"href":"https:\/\/cita-aragon.es\/en\/wp-json\/wp\/v2\/types\/post"}],"author":[{"embeddable":true,"href":"https:\/\/cita-aragon.es\/en\/wp-json\/wp\/v2\/users\/5"}],"replies":[{"embeddable":true,"href":"https:\/\/cita-aragon.es\/en\/wp-json\/wp\/v2\/comments?post=400632"}],"version-history":[{"count":3,"href":"https:\/\/cita-aragon.es\/en\/wp-json\/wp\/v2\/posts\/400632\/revisions"}],"predecessor-version":[{"id":403276,"href":"https:\/\/cita-aragon.es\/en\/wp-json\/wp\/v2\/posts\/400632\/revisions\/403276"}],"wp:featuredmedia":[{"embeddable":true,"href":"https:\/\/cita-aragon.es\/en\/wp-json\/wp\/v2\/media\/400633"}],"wp:attachment":[{"href":"https:\/\/cita-aragon.es\/en\/wp-json\/wp\/v2\/media?parent=400632"}],"wp:term":[{"taxonomy":"category","embeddable":true,"href":"https:\/\/cita-aragon.es\/en\/wp-json\/wp\/v2\/categories?post=400632"},{"taxonomy":"post_tag","embeddable":true,"href":"https:\/\/cita-aragon.es\/en\/wp-json\/wp\/v2\/tags?post=400632"}],"curies":[{"name":"wp","href":"https:\/\/api.w.org\/{rel}","templated":true}]}}