{"id":3597,"date":"2018-10-04T10:33:28","date_gmt":"2018-10-04T08:33:28","guid":{"rendered":"http:\/\/localhost:8888\/cita\/una-investigacion-en-el-que-participa-el-cita-estudia-la-relacion-entre-la-actividad-de-las-yemas-del-cerezo-en-reposo-y-la-necesidad-de-acumular-frio\/"},"modified":"2018-10-04T10:33:28","modified_gmt":"2018-10-04T08:33:28","slug":"una-investigacion-en-el-que-participa-el-cita-estudia-la-relacion-entre-la-actividad-de-las-yemas-del-cerezo-en-reposo-y-la-necesidad-de-acumular-frio","status":"publish","type":"post","link":"https:\/\/cita-aragon.es\/en\/una-investigacion-en-el-que-participa-el-cita-estudia-la-relacion-entre-la-actividad-de-las-yemas-del-cerezo-en-reposo-y-la-necesidad-de-acumular-frio\/","title":{"rendered":"Una investigaci\u00f3n en el que participa el CITA estudia la relaci\u00f3n entre la actividad de las yemas del cerezo en reposo y la necesidad de acumular frio"},"content":{"rendered":"<div style=\"text-align: justify;\">\u00a0La relaci\u00f3n entre la actividad de las yemas del cerezo durante el reposo invernal y la necesidad de acumular fr\u00edo es la base de una investigaci\u00f3n en la que han participado Javier Rodrigo, Erica Fad\u00f3n, investigadores de la Unidad de Hortofruticultura del Centro de Investigaci\u00f3n y Tecnolog\u00eda Agroalimentaria de Arag\u00f3n (CITA) y Mar\u00eda Herrero, investigadora de la Estaci\u00f3n Experimental del Aula Dei (CSIC). Un art\u00edculo sobre esta investigaci\u00f3n ha sido publicado por la prestigiosa revista <em>Frontiers in Plant Science<\/em>.<\/div>\n<div style=\"text-align: justify;\">\u00a0<\/div>\n<div style=\"text-align: justify;\">\u00a0La necesidad de acumular fr\u00edo de los frutales es un fen\u00f3meno bien conocido por los agricultores y cada vez tiene mayor importancia econ\u00f3mica por los inviernos menos fr\u00edos causados por el cambio clim\u00e1tico. Sin embargo, se conoce muy poco de los mecanismos biol\u00f3gicos que regulan este proceso. La investigaci\u00f3n en la que han participado los investigadores del CITA y del CSIC ha revelado que las yemas de cerezo no est\u00e1n inactivas durante el reposo y que acumulan almid\u00f3n progresivamente hasta que cubren sus necesidades de fr\u00edo.\u00a0<\/div>\n<div style=\"text-align: justify;\">\u00a0<\/div>\n<div style=\"text-align: justify;\">El cerezo es un cultivo que se est\u00e1 expandiendo a nuevas zonas y en el que se est\u00e1n introduciendo nuevas variedades que est\u00e1n teniendo problemas de producci\u00f3n en algunas zonas. Los resultados permiten profundizar en el conocimiento del fen\u00f3meno y puede contribuir a facilitar la elecci\u00f3n de las variedades m\u00e1s adecuadas para cada zona.<\/div>\n<div style=\"text-align: justify;\">\u00a0<\/div>\n<div style=\"text-align: justify;\">Los frutales entran en un estado de reposo para sobrevivir a las bajas temperaturas invernales. Pero tambi\u00e9n necesitan pasar un periodo de fr\u00edo para florecer en primavera y producir fruta, de forma que cada variedad necesita acumular una cantidad de frio diferente, lo que condiciona su adaptaci\u00f3n a cada zona de cultivo.<\/div>\n<div style=\"text-align: justify;\">\u00a0<\/div>\n<div style=\"text-align: justify;\">El art\u00edculo se puede descargar gratuitamente en <a href=\"https:\/\/www.frontiersin.org\/articles\/10.3389\/fpls.2018.00171\/full\">https:\/\/www.frontiersin.org\/articles\/10.3389\/fpls.2018.00171\/full<\/a><\/div>\n<div style=\"text-align: justify;\">\u00a0<\/div>\n","protected":false},"excerpt":{"rendered":"<p>\u00a0La relaci\u00f3n entre la actividad de las yemas del cerezo durante el reposo invernal y la necesidad de acumular fr\u00edo es la base de una investigaci\u00f3n en la que han participado Javier Rodrigo, Erica Fad\u00f3n, investigadores de la Unidad de Hortofruticultura del Centro de Investigaci\u00f3n y Tecnolog\u00eda Agroalimentaria de Arag\u00f3n (CITA) y Mar\u00eda Herrero, investigadora&hellip;<\/p>\n","protected":false},"author":3,"featured_media":0,"comment_status":"","ping_status":"closed","sticky":false,"template":"","format":"standard","meta":{"footnotes":""},"categories":[1],"tags":[48],"class_list":["post-3597","post","type-post","status-publish","format-standard","hentry","category-sin-categorizar","tag-hortofruticultura","category-1","description-off"],"_links":{"self":[{"href":"https:\/\/cita-aragon.es\/en\/wp-json\/wp\/v2\/posts\/3597"}],"collection":[{"href":"https:\/\/cita-aragon.es\/en\/wp-json\/wp\/v2\/posts"}],"about":[{"href":"https:\/\/cita-aragon.es\/en\/wp-json\/wp\/v2\/types\/post"}],"author":[{"embeddable":true,"href":"https:\/\/cita-aragon.es\/en\/wp-json\/wp\/v2\/users\/3"}],"replies":[{"embeddable":true,"href":"https:\/\/cita-aragon.es\/en\/wp-json\/wp\/v2\/comments?post=3597"}],"version-history":[{"count":0,"href":"https:\/\/cita-aragon.es\/en\/wp-json\/wp\/v2\/posts\/3597\/revisions"}],"wp:attachment":[{"href":"https:\/\/cita-aragon.es\/en\/wp-json\/wp\/v2\/media?parent=3597"}],"wp:term":[{"taxonomy":"category","embeddable":true,"href":"https:\/\/cita-aragon.es\/en\/wp-json\/wp\/v2\/categories?post=3597"},{"taxonomy":"post_tag","embeddable":true,"href":"https:\/\/cita-aragon.es\/en\/wp-json\/wp\/v2\/tags?post=3597"}],"curies":[{"name":"wp","href":"https:\/\/api.w.org\/{rel}","templated":true}]}}