{"id":3564,"date":"2018-10-04T10:48:20","date_gmt":"2018-10-04T08:48:20","guid":{"rendered":"http:\/\/localhost:8888\/cita\/representantes-de-cooperativas-peruanas-de-cafe-y-cacao-visitan-el-cita\/"},"modified":"2018-10-04T10:48:20","modified_gmt":"2018-10-04T08:48:20","slug":"representantes-de-cooperativas-peruanas-de-cafe-y-cacao-visitan-el-cita","status":"publish","type":"post","link":"https:\/\/cita-aragon.es\/en\/representantes-de-cooperativas-peruanas-de-cafe-y-cacao-visitan-el-cita\/","title":{"rendered":"Representantes de cooperativas peruanas de caf\u00e9 y cacao visitan el CITA"},"content":{"rendered":"<div style=\"text-align: justify;\">Esta ma\u00f1ana ha visitado las instalaciones del Centro de Investigaci\u00f3n y Tecnolog\u00eda Agroalimentaria de Arag\u00f3n (CITA) un grupo de t\u00e9cnicos y responsables de cooperativas de caf\u00e9 y cacao de Per\u00fa. Esta visita al CITA y al Parque Cient\u00edfico Tecnol\u00f3gico Aula Dei (PCTAD) forma parte de la gira de estudios y programa intercambio \u201cAprendiendo de la experiencia\u201d. El objetivo de esta visita es explicar experiencias y conocer m\u00e1s a fondo el trabajo de investigaci\u00f3n del Campus Aula Dei y sus centros.\u00a0<\/div>\n<div style=\"text-align: justify;\">\u00a0<\/div>\n<div style=\"text-align: justify;\">En el CITA han sido recibidos por Jos\u00e9 Antonio Dom\u00ednguez, director gerente, quien les ha dado la bienvenida.\u00a0 Tras una charla de presentaci\u00f3n en la que tambi\u00e9n han intervenido Ana de Diego, responsable de desarrollo de negocio\u00a0 del PCTAD, Jes\u00fas Val , director de la Estaci\u00f3n Experimental Aula Dei (EEAD-CSIC),\u00a0 y Mario Anamaria,\u00a0 coordinador acad\u00e9mico del Instituto Agron\u00f3mico del Mediterr\u00e1neo (IAMZ). Jos\u00e9 Albiac , investigador de la Unidad de Econom\u00eda Agroalimentaria y de los Recursos Naturales, y Enrique Play\u00e1n, investigador del Grupo\u00a0 Riego, Agronom\u00eda\u00a0 y Medioambiente (RAMA), formado por investigadores de la unidad de Suelos y Riegos del CITA y de la Estaci\u00f3n Experimental del CSIC, les han detallado los trabajos de investigaci\u00f3n de ambas \u00e1reas.<\/div>\n<div style=\"text-align: justify;\">\u00a0<\/div>\n<div style=\"text-align: justify;\">Durante su estancia han recorrido el \u00c1rea de Laboratorios de An\u00e1lisis y de Asistencia de Tecnol\u00f3gica donde Gloria Estopa\u00f1an, responsable del laboratorio f\u00edsico qu\u00edmico e instrumental del CITA, les ha explicado los trabajos que se llevan a cabo en dicha \u00e1rea. Fernando Mart\u00ednez Pe\u00f1a, director de investigaci\u00f3n del CITA, les ha acompa\u00f1ado durante el recorrido.<\/div>\n<div style=\"text-align: justify;\">\u00a0<\/div>\n","protected":false},"excerpt":{"rendered":"<p>Esta ma\u00f1ana ha visitado las instalaciones del Centro de Investigaci\u00f3n y Tecnolog\u00eda Agroalimentaria de Arag\u00f3n (CITA) un grupo de t\u00e9cnicos y responsables de cooperativas de caf\u00e9 y cacao de Per\u00fa. Esta visita al CITA y al Parque Cient\u00edfico Tecnol\u00f3gico Aula Dei (PCTAD) forma parte de la gira de estudios y programa intercambio \u201cAprendiendo de la&hellip;<\/p>\n","protected":false},"author":3,"featured_media":0,"comment_status":"","ping_status":"closed","sticky":false,"template":"","format":"standard","meta":{"footnotes":""},"categories":[1],"tags":[79,80],"class_list":["post-3564","post","type-post","status-publish","format-standard","hentry","category-sin-categorizar","tag-cooperativas-peruanas","tag-visita-gerencia","category-1","description-off"],"_links":{"self":[{"href":"https:\/\/cita-aragon.es\/en\/wp-json\/wp\/v2\/posts\/3564"}],"collection":[{"href":"https:\/\/cita-aragon.es\/en\/wp-json\/wp\/v2\/posts"}],"about":[{"href":"https:\/\/cita-aragon.es\/en\/wp-json\/wp\/v2\/types\/post"}],"author":[{"embeddable":true,"href":"https:\/\/cita-aragon.es\/en\/wp-json\/wp\/v2\/users\/3"}],"replies":[{"embeddable":true,"href":"https:\/\/cita-aragon.es\/en\/wp-json\/wp\/v2\/comments?post=3564"}],"version-history":[{"count":0,"href":"https:\/\/cita-aragon.es\/en\/wp-json\/wp\/v2\/posts\/3564\/revisions"}],"wp:attachment":[{"href":"https:\/\/cita-aragon.es\/en\/wp-json\/wp\/v2\/media?parent=3564"}],"wp:term":[{"taxonomy":"category","embeddable":true,"href":"https:\/\/cita-aragon.es\/en\/wp-json\/wp\/v2\/categories?post=3564"},{"taxonomy":"post_tag","embeddable":true,"href":"https:\/\/cita-aragon.es\/en\/wp-json\/wp\/v2\/tags?post=3564"}],"curies":[{"name":"wp","href":"https:\/\/api.w.org\/{rel}","templated":true}]}}