{"id":3502,"date":"2018-12-05T09:00:30","date_gmt":"2018-12-05T08:00:30","guid":{"rendered":"http:\/\/localhost:8888\/cita\/aragon-refuerza-su-compromiso-con-la-idi-con-la-nueva-ley-de-ciencia\/"},"modified":"2018-12-05T09:00:30","modified_gmt":"2018-12-05T08:00:30","slug":"aragon-refuerza-su-compromiso-con-la-idi-con-la-nueva-ley-de-ciencia","status":"publish","type":"post","link":"https:\/\/cita-aragon.es\/en\/aragon-refuerza-su-compromiso-con-la-idi-con-la-nueva-ley-de-ciencia\/","title":{"rendered":"Arag\u00f3n refuerza su compromiso con la I+D+i con la nueva Ley de Ciencia"},"content":{"rendered":"<div>Arag\u00f3n ya cuenta con una nueva Ley de Investigaci\u00f3n e Innovaci\u00f3n. El proyecto de ley remitido por el Gobierno de Arag\u00f3n a las Cortes ha sido aprobado por unanimidad de los grupos pol\u00edticos tras superar el per\u00edodo de enmiendas y el debate parlamentario.\u00a0 La consejera de Innovaci\u00f3n, Investigaci\u00f3n y Universidad, Pilar Alegr\u00eda, ha explicado que la ley establece el compromiso del Gobierno en materia de I+D+i porque \u201cinvertir en ciencia es invertir en un futuro mejor para los aragoneses\u201d.\u00a0\u00a0<\/div>\n<div>\u00a0<\/div>\n<div>La nueva norma actualiza la de 2003 ya que \u201cla ciencia y la innovaci\u00f3n se han hecho todav\u00eda m\u00e1s decisivas como vectores del desarrollo econ\u00f3mico y del bienestar social\u201d.\u00a0 Alegr\u00eda ha explicado que para el Gobierno era importante \u201cestablecer un marco regulatorio que favorezca la producci\u00f3n de resultados cient\u00edficos, su eficaz contribuci\u00f3n a una econom\u00eda innovadora y socialmente responsable, y que tambi\u00e9n mejore la estabilidad del sector y de sus profesionales\u201d.\u00a0 \u00a0<\/div>\n<div>\u00a0<\/div>\n<div>La nueva Ley de la Investigaci\u00f3n y la Innovaci\u00f3n en Arag\u00f3n entrar\u00e1 en vigor tras su publicaci\u00f3n en el Bolet\u00edn Oficial de Arag\u00f3n y \u201csu tramitaci\u00f3n en las Cortes ha permitido tambi\u00e9n mejorar el proyecto tras un proceso participativo y de audiencia p\u00fablica\u201d.\u00a0 \u00a0<\/div>\n<div>\u00a0<\/div>\n<div>As\u00ed mismo, la consejera Pilar Alegr\u00eda ha recordado que Arag\u00f3n se enfrenta \u201ca desaf\u00edos para garantizar el bienestar y la prosperidad futuras\u201d y que su superaci\u00f3n pasa \u201cpor el conocimiento y la innovaci\u00f3n\u201d.\u00a0 Adem\u00e1s, se\u00f1alaba que es necesario realizar un \u201cesfuerzo colectivo sostenido para que Arag\u00f3n destaque en Europa como territorio de ciencia y de empresas innovadoras\u201d.\u00a0<\/div>\n<div>\u00a0<\/div>\n<div>Recordamos que Arag\u00f3n fue pionero en el a\u00f1o 2016 en sacar adelante un Pacto por la Ciencia, \u00fanico en Espa\u00f1a.\u00a0 Un acuerdo consensuado con la comunidad universitaria, cient\u00edfica y los agentes econ\u00f3micos y sociales.\u00a0 \u00a0Un Pacto, que seg\u00fan ha se\u00f1alado la consejera, \u201cblinda la ciencia ante futuras crisis econ\u00f3micas y que coloca a Arag\u00f3n a la cabeza de Espa\u00f1a en dotar de m\u00e1ximo nivel en las estrategias pol\u00edticas al fortalecimiento del sistema de I+D+i\u201d.<\/div>\n<div>\u00a0<\/div>\n<div>\u00a0<\/div>\n","protected":false},"excerpt":{"rendered":"<p>Arag\u00f3n ya cuenta con una nueva Ley de Investigaci\u00f3n e Innovaci\u00f3n. El proyecto de ley remitido por el Gobierno de Arag\u00f3n a las Cortes ha sido aprobado por unanimidad de los grupos pol\u00edticos tras superar el per\u00edodo de enmiendas y el debate parlamentario.\u00a0 La consejera de Innovaci\u00f3n, Investigaci\u00f3n y Universidad, Pilar Alegr\u00eda, ha explicado que&hellip;<\/p>\n","protected":false},"author":3,"featured_media":0,"comment_status":"","ping_status":"closed","sticky":false,"template":"","format":"standard","meta":{"footnotes":""},"categories":[1],"tags":[114],"class_list":["post-3502","post","type-post","status-publish","format-standard","hentry","category-sin-categorizar","tag-ley-ciencia","category-1","description-off"],"_links":{"self":[{"href":"https:\/\/cita-aragon.es\/en\/wp-json\/wp\/v2\/posts\/3502"}],"collection":[{"href":"https:\/\/cita-aragon.es\/en\/wp-json\/wp\/v2\/posts"}],"about":[{"href":"https:\/\/cita-aragon.es\/en\/wp-json\/wp\/v2\/types\/post"}],"author":[{"embeddable":true,"href":"https:\/\/cita-aragon.es\/en\/wp-json\/wp\/v2\/users\/3"}],"replies":[{"embeddable":true,"href":"https:\/\/cita-aragon.es\/en\/wp-json\/wp\/v2\/comments?post=3502"}],"version-history":[{"count":0,"href":"https:\/\/cita-aragon.es\/en\/wp-json\/wp\/v2\/posts\/3502\/revisions"}],"wp:attachment":[{"href":"https:\/\/cita-aragon.es\/en\/wp-json\/wp\/v2\/media?parent=3502"}],"wp:term":[{"taxonomy":"category","embeddable":true,"href":"https:\/\/cita-aragon.es\/en\/wp-json\/wp\/v2\/categories?post=3502"},{"taxonomy":"post_tag","embeddable":true,"href":"https:\/\/cita-aragon.es\/en\/wp-json\/wp\/v2\/tags?post=3502"}],"curies":[{"name":"wp","href":"https:\/\/api.w.org\/{rel}","templated":true}]}}