{"id":3479,"date":"2019-02-09T11:29:53","date_gmt":"2019-02-09T10:29:53","guid":{"rendered":"http:\/\/localhost:8888\/cita\/el-gobierno-de-aragon-visibiliza-referentes-femeninos-en-la-semana-del-dia-internacional-de-la-mujer-y-la-nina-en-la-ciencia\/"},"modified":"2019-02-09T11:29:53","modified_gmt":"2019-02-09T10:29:53","slug":"el-gobierno-de-aragon-visibiliza-referentes-femeninos-en-la-semana-del-dia-internacional-de-la-mujer-y-la-nina-en-la-ciencia","status":"publish","type":"post","link":"https:\/\/cita-aragon.es\/en\/el-gobierno-de-aragon-visibiliza-referentes-femeninos-en-la-semana-del-dia-internacional-de-la-mujer-y-la-nina-en-la-ciencia\/","title":{"rendered":"El Gobierno de Arag\u00f3n visibiliza referentes femeninos en la semana del D\u00eda Internacional de la Mujer y la Ni\u00f1a en la Ciencia"},"content":{"rendered":"<div>\u00a0<\/div>\n<div style=\"text-align: justify;\">La curiosidad, las ganas de hacer cosas por la sociedad, el gusto por los animales o las matem\u00e1ticas, son algunas de las caracter\u00edsticas de las protagonistas de una serie de v\u00eddeos en los que investigadoras y tecn\u00f3logas del Centro de Investigaci\u00f3n y Tecnolog\u00eda Agroalimentaria de Arag\u00f3n (CITA) y el Instituto Tecnol\u00f3gico de Arag\u00f3n (ITAINNOVA) cuentan su experiencia profesional. Con motivo del D\u00eda Internacional de la Mujer y la Ni\u00f1a en la Ciencia, el Gobierno de Arag\u00f3n ha organizado una serie de actos para fomentar las vocaciones tecnol\u00f3gicas y, en concreto, potenciar los referentes femeninos para romper la brecha que se produce entre chicos y chicas.<\/div>\n<div style=\"text-align: justify;\">\u00a0<\/div>\n<div style=\"text-align: justify;\">Arag\u00f3n se encuentra dentro de la media nacional, aproximadamente, de presencia de mujeres en la ciencia, con un 40%. Sin embargo, existen diferencias, como es el caso del CITA donde m\u00e1s del 50% de su plantilla, 239 personas, son mujeres. Desde sus inicios en 2002 el CITA ha contado con mujeres en todas sus unidades de investigaci\u00f3n, as\u00ed como en otras \u00e1reas de apoyo del centro. Emilia Puig Amor\u00f3s fue la primera mujer en incorporarse como investigadora en el CITA dentro de la Unidad de Econom\u00eda Agroalimentaria desde 1967 a 1987; Marisol Luis Arteaga desarroll\u00f3 toda su etapa de investigaci\u00f3n en la Unidad de Sanidad Vegetal desde 1975 hasta 2013.<\/div>\n<div style=\"text-align: justify;\">\u00a0<\/div>\n<div style=\"text-align: justify;\">Distinto es el caso de ITAINNOVA donde s\u00ed se queda reflejada la brecha entre hombres y mujeres debido a la falta de tecn\u00f3logas. La presencia de mujeres es de entorno al 40%, aunque en el equipo de Direcci\u00f3n s\u00ed hay equilibrio entre ambos sexos. Seg\u00fan los datos de matr\u00edcula de este curso de la Universidad de Zaragoza, el n\u00famero de mujeres matriculadas en estudios de grado es un 54% con respecto al de hombres. Ellas son m\u00e1s en estudios como ciencias de la salud, ciencias sociales, veterinaria, medicina o educaci\u00f3n; sin embargo, ellos son mayor\u00eda en ingenier\u00eda, tecnolog\u00eda o polit\u00e9cnica.\u00a0<\/div>\n<div style=\"text-align: justify;\">\u00a0<\/div>\n<div style=\"text-align: justify;\">Para trabajar en la visualizaci\u00f3n de referentes femeninos y el fomento de vocaciones se han organizado distintos actos con motivo del 11 de febrero, el D\u00eda de la Mujer y la Ni\u00f1a en la Ciencia. En los v\u00eddeos se puede conocer el trabajo del d\u00eda a d\u00eda, las motivaciones para elegir profesi\u00f3n y animan a las j\u00f3venes que, en estos momentos, se planten estudiar una carrera relacionado con la ciencia y la tecnolog\u00eda. Azucena Gracia, jefa de la unidad de Econom\u00eda Agroalimentaria y de los Recursos Naturales y Medalla de las Cortes de Arag\u00f3n 2018; Celia Cant\u00edn, investigadora ARAID de la Unidad de Hortofruticultura y Albina Sanz, investigadora de la Unidad de Producci\u00f3n y Sanidad Animal explican en estos v\u00eddeos c\u00f3mo naci\u00f3 su vocaci\u00f3n investigadora. Por parte del ITA aparecen Carmen Paniagua, experta en rob\u00f3tica; Carolina Benito, de Tecnolog\u00edas de la Informaci\u00f3n; Paula Pe\u00f1a, de Big Data y Sistemas Cognitivos; Pilar Fern\u00e1ndez de Alarc\u00f3n, de Desarrollo de Negocio; y Cristina Crespo de Materiales y Componentes.<\/div>\n<div style=\"text-align: justify;\">\u00a0<\/div>\n<div style=\"text-align: justify;\">Actividades D\u00eda Mujer y Ni\u00f1a en Ciencia<\/div>\n<div style=\"text-align: justify;\">\u00a0<\/div>\n<div style=\"text-align: justify;\">Adem\u00e1s, este lunes 11 de febrero, en el Planetario de Arag\u00f3n, en Huesca, se organiza la jornada \u201cMatryoshka\u2026 o la visibilidad de la mujer en la Ciencia\u201d en colaboraci\u00f3n con el Instituto Aragon\u00e9s de la Mujer.\u00a0 \u00a0Por la tarde, en el Paraninfo de Zaragoza, se celebran talleres organizados por la Iniciativa 11 de Febrero como \u201cRueda de Cient\u00edficas\u201d, la exposici\u00f3n \u201cLas chicas somos guerreras\u2026 y tambi\u00e9n ingenieras (y cient\u00edficas, tecn\u00f3logas, matem\u00e1ticas\u2026)\u201d que contar\u00e1 con la participaci\u00f3n de la consejera de Innovaci\u00f3n, Investigaci\u00f3n y Universidad, Pilar Alegr\u00eda qui\u00e9n tambi\u00e9n abrir\u00e1 el debate abierto \u201cCultura Cient\u00edfica: \u00bfUna cuesti\u00f3n de educaci\u00f3n y visibilizaci\u00f3n?\u201d.<\/div>\n<div style=\"text-align: justify;\">\u00a0<\/div>\n<div style=\"text-align: justify;\">En el Instituto Tecnol\u00f3gico de Arag\u00f3n buscan a las \u201ccient\u00edficas del futuro\u201d con dos jornadas, las tardes del 13 y 19 de febrero, donde se acerca las tecnolog\u00edas a ni\u00f1as de entre 12 y 16 a\u00f1os a trav\u00e9s de experimentos, juegos de aventura y contenido divulgativo.\u00a0 Adem\u00e1s, Aragonesa de Servicios Telem\u00e1ticos participa en charlas divulgativas en once centros educativos de last res provincias, gracias a catorce voluntarias de la entidad p\u00fablica.\u00a0<\/div>\n<div style=\"text-align: justify;\">\u00a0<\/div>\n<div style=\"text-align: justify;\">As\u00ed mismo, el Parque Tecnol\u00f3gico Walqa se suma a la celebraci\u00f3n con una activad dirigida a alumnos y alumnas de 6\u00ba de primaria del Colegio P\u00fablico Sancho Ram\u00edrez de Huesca. En ella, cuatro mujeres profesionales que est\u00e1n desarrollando su carrera desde Walqa trasladar\u00e1n a los estudiantes sus experiencias personales y profesionales en el campo de la ciencia y la tecnolog\u00eda. El objetivo es que los chicos y chicas participantes puedan verse reflejados en ellas y se animen a elegir este tipo de estudios o lo valoren como una opci\u00f3n de futuro.<\/div>\n<div style=\"text-align: justify;\">\u00a0<\/div>\n<div style=\"text-align: justify;\">Los alumnos y alumnas escuchar\u00e1n en primera persona las experiencias de profesionales como Laura Abad\u00eda, de Fundaci\u00f3n Hidr\u00f3geno Arag\u00f3n; Beatriz Lapaz de Deloitte; Cristina Bentue y Raquel Olles de la empresa de ciberseguridad Continuum Security; y de Esther Artieda y Mar\u00eda Sarmiento, miembros de Inycom. Una actividad que se completar\u00e1 el pr\u00f3ximo 28 de febrero con la visita de los alumnos a las instalaciones de estas compa\u00f1\u00edas, ubicadas todas ellas en el Parque Tecnol\u00f3gico Walqa, donde podr\u00e1n comprobar como es el d\u00eda a d\u00eda laboral de estas trabajadoras.<\/div>\n","protected":false},"excerpt":{"rendered":"<p>\u00a0 La curiosidad, las ganas de hacer cosas por la sociedad, el gusto por los animales o las matem\u00e1ticas, son algunas de las caracter\u00edsticas de las protagonistas de una serie de v\u00eddeos en los que investigadoras y tecn\u00f3logas del Centro de Investigaci\u00f3n y Tecnolog\u00eda Agroalimentaria de Arag\u00f3n (CITA) y el Instituto Tecnol\u00f3gico de Arag\u00f3n (ITAINNOVA)&hellip;<\/p>\n","protected":false},"author":3,"featured_media":0,"comment_status":"","ping_status":"closed","sticky":false,"template":"","format":"standard","meta":{"footnotes":""},"categories":[1],"tags":[121],"class_list":["post-3479","post","type-post","status-publish","format-standard","hentry","category-sin-categorizar","tag-dia-de-la-mujer-y-la-nina-en-la-ciencia-en","category-1","description-off"],"_links":{"self":[{"href":"https:\/\/cita-aragon.es\/en\/wp-json\/wp\/v2\/posts\/3479"}],"collection":[{"href":"https:\/\/cita-aragon.es\/en\/wp-json\/wp\/v2\/posts"}],"about":[{"href":"https:\/\/cita-aragon.es\/en\/wp-json\/wp\/v2\/types\/post"}],"author":[{"embeddable":true,"href":"https:\/\/cita-aragon.es\/en\/wp-json\/wp\/v2\/users\/3"}],"replies":[{"embeddable":true,"href":"https:\/\/cita-aragon.es\/en\/wp-json\/wp\/v2\/comments?post=3479"}],"version-history":[{"count":0,"href":"https:\/\/cita-aragon.es\/en\/wp-json\/wp\/v2\/posts\/3479\/revisions"}],"wp:attachment":[{"href":"https:\/\/cita-aragon.es\/en\/wp-json\/wp\/v2\/media?parent=3479"}],"wp:term":[{"taxonomy":"category","embeddable":true,"href":"https:\/\/cita-aragon.es\/en\/wp-json\/wp\/v2\/categories?post=3479"},{"taxonomy":"post_tag","embeddable":true,"href":"https:\/\/cita-aragon.es\/en\/wp-json\/wp\/v2\/tags?post=3479"}],"curies":[{"name":"wp","href":"https:\/\/api.w.org\/{rel}","templated":true}]}}