{"id":3351,"date":"2020-02-03T12:44:19","date_gmt":"2020-02-03T11:44:19","guid":{"rendered":"http:\/\/localhost:8888\/cita\/las-obtenciones-de-almendro-del-cita-viajan-a-la-feria-internacional-fruit-logistica-2020-en-berlin\/"},"modified":"2020-02-03T12:44:19","modified_gmt":"2020-02-03T11:44:19","slug":"las-obtenciones-de-almendro-del-cita-viajan-a-la-feria-internacional-fruit-logistica-2020-en-berlin","status":"publish","type":"post","link":"https:\/\/cita-aragon.es\/en\/las-obtenciones-de-almendro-del-cita-viajan-a-la-feria-internacional-fruit-logistica-2020-en-berlin\/","title":{"rendered":"Las obtenciones de almendro del CITA viajan a la feria internacional Fruit Log\u00edstica 2020 en Berl\u00edn"},"content":{"rendered":"<div style=\"text-align: justify;\">La Unidad de Hortofruticultura del Centro de Investigaci\u00f3n y Tecnolog\u00eda Agroalimentaria de Arag\u00f3n (CITA) participar\u00e1 del 5 al 7 de febrero en Fruit Log\u00edstica feria Internacional comercial de productos frescos que se celebra en Berl\u00edn. Este a\u00f1o se dar\u00e1n a conocer las variedades de almendro y de portainjertos obtenidas en el programa de mejora gen\u00e9tica del CITA.\u00a0 Mar\u00eda Jos\u00e9 Rubio-Cabetas, investigadora de la Unidad de Hortofruticultura y responsable del programa de mejora gen\u00e9tica del almendro y portainjertos del CITA, acudir\u00e1 a este encuentro internacional para dar a conocer el material vegetal del CITA a los operadores de todos los continentes. El stand del CITA en Fruit Log\u00edstica est\u00e1 en el Pabell\u00f3n 8.2 &#8211; B17.<\/div>\n<div style=\"text-align: justify;\">\u00a0<\/div>\n<div style=\"text-align: justify;\">Gracias a estos programas de mejora gen\u00e9tica el CITA ha puesto a disposici\u00f3n del sector del almendro 10 variedades y 5 portainjertos que han ido dando soluciones al cultivo del almendro. La evoluci\u00f3n del cultivo del almendro est\u00e1 sufriendo unos cambios espectaculares y, en este cambio, las variedades y portainjertos del CITA est\u00e1n jugando un papel muy importante. Prueba de ellos son el gran n\u00famero de plantas establecidas de \u201cIsabelona\u201d y \u201cSoleta\u201d, as\u00ed como de las variedades de floraci\u00f3n extra tard\u00eda como \u201cDiamar\u201d o \u201cVialfas\u201d y el amplio uso de los h\u00edbridos de hoja roja principalmente \u201cGarnem\u201d. Las variedades totalmente adaptadas por su aptitud agron\u00f3mica a las condiciones espa\u00f1olas ya est\u00e1n siendo plantadas en Australia, Sud\u00e1frica y Chile.\u00a0 Igualmente, est\u00e1n siendo demandadas por el consumidor europeo, reconociendo la calidad de la almendra espa\u00f1ola y despertando el inter\u00e9s de comerciales e industriales, que muestran la calidad nutricional y mejor aptitud industrial como \u201cBelona\u201d que han permitido que haya una demanda en mercados exteriores. Por ello, es importante la presencia en esta feria para dar a conocer estas obtenciones y hacer difusi\u00f3n de las mismas no s\u00f3lo en los pa\u00edses de cuenca mediterr\u00e1nea, si no en los pa\u00edses frut\u00edcolas del hemisferio Sur: Chile, Australia y Sud\u00e1frica.\u00a0<\/div>\n<div style=\"text-align: justify;\">\u00a0<\/div>\n<div style=\"text-align: justify;\">El Programa de Mejora Gen\u00e9tica ha sido y es una referencia para el sector del almendro desde su creaci\u00f3n en la d\u00e9cada de los a\u00f1os 70. Actualmente, el programa en vigor acote nuevos retos como es la adaptaci\u00f3n de las variedades a la mecanizaci\u00f3n con alta productividad y a un mayor control del vigor para las plantaciones en semi intensivo y s\u00faper intensivo y con resistencia a enfermedades.<\/div>\n<div style=\"text-align: justify;\">\u00a0<\/div>\n","protected":false},"excerpt":{"rendered":"<p>La Unidad de Hortofruticultura del Centro de Investigaci\u00f3n y Tecnolog\u00eda Agroalimentaria de Arag\u00f3n (CITA) participar\u00e1 del 5 al 7 de febrero en Fruit Log\u00edstica feria Internacional comercial de productos frescos que se celebra en Berl\u00edn. Este a\u00f1o se dar\u00e1n a conocer las variedades de almendro y de portainjertos obtenidas en el programa de mejora gen\u00e9tica&hellip;<\/p>\n","protected":false},"author":3,"featured_media":0,"comment_status":"","ping_status":"closed","sticky":false,"template":"","format":"standard","meta":{"footnotes":""},"categories":[1],"tags":[48],"class_list":["post-3351","post","type-post","status-publish","format-standard","hentry","category-sin-categorizar","tag-hortofruticultura","category-1","description-off"],"_links":{"self":[{"href":"https:\/\/cita-aragon.es\/en\/wp-json\/wp\/v2\/posts\/3351"}],"collection":[{"href":"https:\/\/cita-aragon.es\/en\/wp-json\/wp\/v2\/posts"}],"about":[{"href":"https:\/\/cita-aragon.es\/en\/wp-json\/wp\/v2\/types\/post"}],"author":[{"embeddable":true,"href":"https:\/\/cita-aragon.es\/en\/wp-json\/wp\/v2\/users\/3"}],"replies":[{"embeddable":true,"href":"https:\/\/cita-aragon.es\/en\/wp-json\/wp\/v2\/comments?post=3351"}],"version-history":[{"count":0,"href":"https:\/\/cita-aragon.es\/en\/wp-json\/wp\/v2\/posts\/3351\/revisions"}],"wp:attachment":[{"href":"https:\/\/cita-aragon.es\/en\/wp-json\/wp\/v2\/media?parent=3351"}],"wp:term":[{"taxonomy":"category","embeddable":true,"href":"https:\/\/cita-aragon.es\/en\/wp-json\/wp\/v2\/categories?post=3351"},{"taxonomy":"post_tag","embeddable":true,"href":"https:\/\/cita-aragon.es\/en\/wp-json\/wp\/v2\/tags?post=3351"}],"curies":[{"name":"wp","href":"https:\/\/api.w.org\/{rel}","templated":true}]}}