{"id":3307,"date":"2021-01-20T10:29:29","date_gmt":"2021-01-20T09:29:29","guid":{"rendered":"http:\/\/localhost:8888\/cita\/el-cita-apoya-la-contratacion-de-personal-tecnico-del-programa-de-garantia-juvenil-2\/"},"modified":"2021-01-20T10:29:29","modified_gmt":"2021-01-20T09:29:29","slug":"el-cita-apoya-la-contratacion-de-personal-tecnico-del-programa-de-garantia-juvenil-2","status":"publish","type":"post","link":"https:\/\/cita-aragon.es\/en\/el-cita-apoya-la-contratacion-de-personal-tecnico-del-programa-de-garantia-juvenil-2\/","title":{"rendered":"El CITA apoya la contrataci\u00f3n de personal t\u00e9cnico del Programa de Garant\u00eda Juvenil"},"content":{"rendered":"<div style=\"text-align: justify;\"><span style=\"font-size: small;\">El Centro de Investigaci\u00f3n y Tecnolog\u00eda Agroalimentaria de Arag\u00f3n (CITA) ha obtenido subvenciones para la financiaci\u00f3n de la contrataci\u00f3n de cinco trabajadores a trav\u00e9s del Programa Operativo de Empleo Juvenil financiado tanto por el Gobierno de Arag\u00f3n como por la Uni\u00f3n Europea a trav\u00e9s de la iniciativa de Empleo Juvenil.<\/span><\/div>\n<div style=\"text-align: justify;\"><span style=\"font-size: small;\">\u00a0<\/span><\/div>\n<div style=\"text-align: justify;\"><span style=\"font-size: small;\">Mediante varias Resoluciones del 6 de septiembre\u00a0 el Director Gerente del Instituto Aragon\u00e9s de Empleo ha concedido al Centro de Investigaci\u00f3n y Tecnolog\u00eda Agroalimentaria de Arag\u00f3n de una subvenci\u00f3n total de 49.791,84 euros para la contrataci\u00f3n de cinco personas j\u00f3venes desempleaadas inscritas en el Sistema Nacional de Garant\u00eda Juvenil para la ejecuci\u00f3n de los proyectos que a continuaci\u00f3n se detallan.<\/span><\/div>\n<div style=\"text-align: justify;\"><span style=\"font-size: small;\">\u00a0<\/span><\/div>\n<table class=\"MsoNormalTable\" style=\"width: 952px; border-collapse: collapse; border: none; margin-left: 4.8pt; margin-right: 4.8pt; height: 163px;\" width=\"0\" border=\"1\" cellspacing=\"0\" cellpadding=\"0\" align=\"left\">\n<tbody>\n<tr class=\"p-br\" style=\"mso-yfti-irow: 0; mso-yfti-firstrow: yes; height: 9.7pt;\">\n<td style=\"width: 196.1pt; border: solid windowtext 1.0pt; padding: 0cm 5.4pt 0cm 5.4pt; height: 9.7pt;\" valign=\"top\" width=\"261\">\n<div class=\"MsoNormal\" style=\"margin-right: 12pt; margin-left: 12pt; margin-bottom: 0.0001pt; line-height: normal;\"><span style=\"font-size: small;\"><strong>Denominaci\u00f3n de la Actuaci\u00f3n<\/strong><\/span><\/div>\n<\/td>\n<td style=\"width: 196.1pt; border-top: 1pt solid windowtext; border-right: 1pt solid windowtext; border-bottom: 1pt solid windowtext; border-image: initial; border-left: none; padding: 0cm 5.4pt 0cm 5px; height: 9.7pt;\" valign=\"top\" width=\"261\">\n<div class=\"MsoNormal\" style=\"margin-right: 12pt; margin-left: 12pt; margin-bottom: 0.0001pt; line-height: normal;\"><span style=\"font-size: small;\"><strong>Tareas<\/strong><\/span><\/div>\n<\/td>\n<\/tr>\n<tr class=\"p-br\" style=\"height: 18.9pt;\">\n<td style=\"width: 196.1pt; border-right: 1pt solid windowtext; border-bottom: 1pt solid windowtext; border-left: 1pt solid windowtext; border-image: initial; border-top: none; padding: 0cm 5.4pt 0cm 5px; height: 18.9pt;\" valign=\"top\" width=\"261\">\n<div class=\"MsoNormal\" style=\"margin-right: 12pt; margin-left: 12pt; margin-bottom: 0.0001pt; line-height: normal;\"><span style=\"font-size: small;\">Trabajos de instalaciones CITA con aparatos el\u00e9ctricos y electr\u00f3nicos<\/span><\/div>\n<div class=\"MsoNormal\" style=\"margin-right: 12pt; margin-left: 12pt; margin-bottom: 0.0001pt; line-height: normal;\">\u00a0<\/div>\n<div class=\"MsoNormal\" style=\"margin-right: 12pt; margin-left: 12pt; margin-bottom: 0.0001pt; line-height: normal;\"><span style=\"font-size: small;\">\u00a0<\/span><\/div>\n<\/td>\n<td style=\"width: 196.1pt; border-top: none; border-left: none; border-bottom: 1pt solid windowtext; border-right: 1pt solid windowtext; padding: 0cm 5.4pt 0cm 5px; height: 18.9pt;\" valign=\"top\" width=\"261\">\n<div class=\"MsoNormal\" style=\"margin-right: 12pt; margin-left: 12pt; margin-bottom: 0.0001pt; line-height: normal;\"><span style=\"font-size: small;\">Mantenimiento del funcionamiento el\u00e9ctrico y electr\u00f3nico<\/span><\/div>\n<\/td>\n<\/tr>\n<tr class=\"p-br\" style=\"height: 18.9pt;\">\n<td style=\"width: 196.1pt; border-right: 1pt solid windowtext; border-bottom: 1pt solid windowtext; border-left: 1pt solid windowtext; border-image: initial; border-top: none; padding: 0cm 5.4pt 0cm 5px; height: 18.9pt;\" valign=\"top\" width=\"261\">\n<div class=\"MsoNormal\" style=\"margin-right: 12pt; margin-left: 12pt; margin-bottom: 0.0001pt; line-height: normal;\"><span style=\"font-size: small;\">Consolidaci\u00f3n de la Oficina de Proyectos<\/span><\/div>\n<div class=\"MsoNormal\" style=\"margin-right: 12pt; margin-left: 12pt; margin-bottom: 0.0001pt; line-height: normal;\">\u00a0<\/div>\n<\/td>\n<td style=\"width: 196.1pt; border-top: none; border-left: none; border-bottom: 1pt solid windowtext; border-right: 1pt solid windowtext; padding: 0cm 5.4pt 0cm 5px; height: 18.9pt;\" valign=\"top\" width=\"261\">\n<div class=\"MsoNormal\" style=\"margin-right: 12pt; margin-left: 12pt; margin-bottom: 0.0001pt; line-height: normal;\"><span style=\"font-size: small;\">\u00a0Apoyo a la gesti\u00f3n econ\u00f3mica y\u00a0administrativa de la Oficina<\/span><\/div>\n<\/td>\n<\/tr>\n<tr class=\"p-br\" style=\"height: 18.9pt;\">\n<td style=\"width: 196.1pt; border-right: 1pt solid windowtext; border-bottom: 1pt solid windowtext; border-left: 1pt solid windowtext; border-image: initial; border-top: none; padding: 0cm 5.4pt 0cm 5px; height: 18.9pt;\" valign=\"top\" width=\"261\">\n<div class=\"MsoNormal\" style=\"margin-right: 12pt; margin-left: 12pt; margin-bottom: 0.0001pt; line-height: normal;\"><span style=\"font-size: small;\">Gesti\u00f3n documental para herramientas del desarrollo curricular<\/span><\/div>\n<div class=\"MsoNormal\" style=\"margin-right: 12pt; margin-left: 12pt; margin-bottom: 0.0001pt; line-height: normal;\"><span style=\"font-size: small;\">\u00a0<\/span><\/div>\n<\/td>\n<td style=\"width: 196.1pt; border-top: none; border-left: none; border-bottom: 1pt solid windowtext; border-right: 1pt solid windowtext; padding: 0cm 5.4pt 0cm 5px; height: 18.9pt;\" valign=\"top\" width=\"261\">\n<div class=\"MsoNormal\" style=\"margin-right: 12pt; margin-left: 12pt; margin-bottom: 0.0001pt; line-height: normal;\"><span style=\"font-size: small;\">\u00a0Gesti\u00f3n de la informaci\u00f3n y documentaci\u00f3n de la herramienta curricular i-Marina<\/span><\/div>\n<\/td>\n<\/tr>\n<tr class=\"p-br\" style=\"height: 54pt;\">\n<td style=\"width: 196.1pt; border-right: 1pt solid windowtext; border-bottom: 1pt solid windowtext; border-left: 1pt solid windowtext; border-image: initial; border-top: none; padding: 0cm 5.4pt 0cm 5px; height: 54pt;\" valign=\"top\" width=\"261\">\n<div class=\"MsoNormal\" style=\"margin-right: 12pt; margin-left: 12pt; margin-bottom: 0.0001pt; line-height: normal;\"><span style=\"font-size: small;\">Trabajos de fontaner\u00eda y climatizaci\u00f3n en las instalaciones del centro<\/span><\/div>\n<\/td>\n<td style=\"width: 196.1pt; border-top: none; border-left: none; border-bottom: 1pt solid windowtext; border-right: 1pt solid windowtext; padding: 0cm 5.4pt 0cm 5px; height: 54pt;\" valign=\"top\" width=\"261\">\n<div class=\"MsoNormal\" style=\"margin-right: 12pt; margin-left: 12pt; margin-bottom: 0.0001pt; line-height: normal;\"><span style=\"font-size: small;\">\u00a0Mantenimiento de la fontaner\u00eda y climatizaci\u00f3n<\/span><\/div>\n<\/td>\n<\/tr>\n<tr style=\"height: 18pt;\">\n<td class=\"p-br\" style=\"width: 196.1pt; border-right: 1pt solid windowtext; border-bottom: 1pt solid windowtext; border-left: 1pt solid windowtext; border-image: initial; border-top: none; padding: 0cm 5.4pt 0cm 5px; height: 18pt;\" valign=\"top\" width=\"261\">\n<div class=\"MsoNormal\" style=\"margin-right: 12pt; margin-left: 12pt; margin-bottom: 0.0001pt; line-height: normal;\"><span style=\"font-size: small;\">Tareas del campo en viveros en el Banco de Germoplasma de frutales del CITA<\/span><\/div>\n<div class=\"MsoNormal\" style=\"margin-right: 12pt; margin-left: 12pt; margin-bottom: 0.0001pt; line-height: normal;\">\u00a0<\/div>\n<\/td>\n<td style=\"width: 196.1pt; border-top: none; border-left: none; border-bottom: 1pt solid windowtext; border-right: 1pt solid windowtext; padding: 0cm 5.4pt 0cm 5px; height: 18pt;\" valign=\"top\" width=\"261\">\n<p class=\"MsoNormal\" style=\"margin-right: 12pt; margin-left: 12pt; margin-bottom: 0.0001pt; line-height: normal;\"><span style=\"font-size: small;\">Duplicaci\u00f3n de colecciones del Banco de Germoplasma de frutales del CITA mediante clonaci\u00f3n vegetal<\/span><\/p>\n<\/td>\n<\/tr>\n<\/tbody>\n<\/table>\n","protected":false},"excerpt":{"rendered":"<p>El Centro de Investigaci\u00f3n y Tecnolog\u00eda Agroalimentaria de Arag\u00f3n (CITA) ha obtenido subvenciones para la financiaci\u00f3n de la contrataci\u00f3n de cinco trabajadores a trav\u00e9s del Programa Operativo de Empleo Juvenil financiado tanto por el Gobierno de Arag\u00f3n como por la Uni\u00f3n Europea a trav\u00e9s de la iniciativa de Empleo Juvenil. \u00a0 Mediante varias Resoluciones del&hellip;<\/p>\n","protected":false},"author":3,"featured_media":0,"comment_status":"","ping_status":"closed","sticky":false,"template":"","format":"standard","meta":{"footnotes":""},"categories":[1],"tags":[85,161],"class_list":["post-3307","post","type-post","status-publish","format-standard","hentry","category-sin-categorizar","tag-empleo","tag-garantia-juvenil","category-1","description-off"],"_links":{"self":[{"href":"https:\/\/cita-aragon.es\/en\/wp-json\/wp\/v2\/posts\/3307"}],"collection":[{"href":"https:\/\/cita-aragon.es\/en\/wp-json\/wp\/v2\/posts"}],"about":[{"href":"https:\/\/cita-aragon.es\/en\/wp-json\/wp\/v2\/types\/post"}],"author":[{"embeddable":true,"href":"https:\/\/cita-aragon.es\/en\/wp-json\/wp\/v2\/users\/3"}],"replies":[{"embeddable":true,"href":"https:\/\/cita-aragon.es\/en\/wp-json\/wp\/v2\/comments?post=3307"}],"version-history":[{"count":0,"href":"https:\/\/cita-aragon.es\/en\/wp-json\/wp\/v2\/posts\/3307\/revisions"}],"wp:attachment":[{"href":"https:\/\/cita-aragon.es\/en\/wp-json\/wp\/v2\/media?parent=3307"}],"wp:term":[{"taxonomy":"category","embeddable":true,"href":"https:\/\/cita-aragon.es\/en\/wp-json\/wp\/v2\/categories?post=3307"},{"taxonomy":"post_tag","embeddable":true,"href":"https:\/\/cita-aragon.es\/en\/wp-json\/wp\/v2\/tags?post=3307"}],"curies":[{"name":"wp","href":"https:\/\/api.w.org\/{rel}","templated":true}]}}