{"id":3232,"date":"2021-09-26T21:05:34","date_gmt":"2021-09-26T19:05:34","guid":{"rendered":"http:\/\/localhost:8888\/cita\/el-cita-presenta-los-resultados-del-proyecto-fite-vacafertil-teruel\/"},"modified":"2021-09-26T21:05:34","modified_gmt":"2021-09-26T19:05:34","slug":"el-cita-presenta-los-resultados-del-proyecto-fite-vacafertil-teruel","status":"publish","type":"post","link":"https:\/\/cita-aragon.es\/en\/el-cita-presenta-los-resultados-del-proyecto-fite-vacafertil-teruel\/","title":{"rendered":"El CITA presenta los resultados del proyecto FITE VACAF\u00c9RTIL TERUEL"},"content":{"rendered":"<div style=\"text-align: justify;\">El pr\u00f3ximo 28 de septiembre, de 17.00 a 19.00 horas, se celebra la jornada t\u00e9cnica VACAF\u00c9RTIL en modo presencial desde el Centro de Innovaci\u00f3n en Bioeconom\u00eda Rural de Teruel (CiTAte) y tambi\u00e9n en modalidad online. El enlace para participar en formato online del Centro de Investigaci\u00f3n y Tecnolog\u00eda Agroalimentaria de Arag\u00f3n (CITA) en Teruel se enviar\u00e1 previa inscripci\u00f3n.<\/div>\n<div style=\"text-align: justify;\">\u00a0<\/div>\n<div style=\"text-align: justify;\">Marta Barba, coordinadora del CITA de Teruel, presentar\u00e1 esta jornada que comenzar\u00e1 con la ponencia \u201cEl gran reto: un ternero por vaca y a\u00f1o\u201d que impartir\u00e1 Albina Sanz, investigadora de la Unidad de Producci\u00f3n y Sanidad Animal del CITA.<\/div>\n<div style=\"text-align: justify;\">\u00a0<\/div>\n<div style=\"text-align: justify;\">A continuaci\u00f3n, Jos\u00e9 Antonio Rodr\u00edguez, t\u00e9cnico de la empresa Terraiberica Desarrollos S.L., presentar\u00e1 los resultados del proyecto VACAF\u00c9RTILTERUEL.<\/div>\n<div style=\"text-align: justify;\">\u00a0<\/div>\n<div style=\"text-align: justify;\">Este proyecto est\u00e1 financiado por el Gobierno de Arag\u00f3n a trav\u00e9s del Fondo de Inversiones de Teruel (FITE) con la participaci\u00f3n del Ministerio de Hacienda, y surge con el objetivo de optimizar la eficiencia reproductiva de las vacas nodrizas a trav\u00e9s de un innovador programa reproductivo, y as\u00ed mejorar la competitividad y sostenibilidad de las explotaciones de estas vacas en Teruel.<\/div>\n<div style=\"text-align: justify;\">\u00a0<\/div>\n<div style=\"text-align: justify;\">\u00d3scar Escobedo, profesor asociado de la Universidad de Zaragoza, finalizar\u00e1 la primera parte de la jornada con la charla \u201cPatolog\u00edas reproductivas asociadas al macho\u201d.<\/div>\n<div style=\"text-align: justify;\">\u00a0<\/div>\n<div style=\"text-align: justify;\">Tras el descanso Javier Ferrer, coordinador de la Finca Experimental de La Garcipollera del CITA, presentar\u00e1 los resultados preliminares del Grupo Cooperaci\u00f3n del proyecto OPTIBOVIS, cuyo objetivo es optimizar la producci\u00f3n de vacas nodrizas.<\/div>\n<div style=\"text-align: justify;\">\u00a0<\/div>\n<div style=\"text-align: justify;\">Agust\u00ed Noya, presentar\u00e1 el nuevo grupo de cooperaci\u00f3n Recr\u00edaINNOVA, cuyo objetivo es poner a punto y acercar a los ganaderos nuevas herramientas que permitan desarrollar y seleccionar de forma precoz y eficaz a los futuros reproductores de una explotaci\u00f3n, aquellos novillos y novillas con mejores aptitudes que ayudar\u00e1n a incrementar la eficiencia y mejorar la rentabilidad de las explotaciones de vacuno de carne.<\/div>\n<div style=\"text-align: justify;\">\u00a0<\/div>\n<div style=\"text-align: justify;\">El evento finalizar\u00e1 con un vino espa\u00f1ol y una degustaci\u00f3n de hamburguesas de carne Angus de la marca Delicater.<\/div>\n<div style=\"text-align: justify;\">\u00a0<\/div>\n<div style=\"text-align: justify;\">A esta jornada gratuita, previa inscripci\u00f3n, est\u00e1n invitados todas aquellas personas o entidades interesadas en conocer m\u00e1s a fondo estos proyectos de la provincia de Teruel y de Arag\u00f3n.<\/div>\n<div style=\"text-align: justify;\">\u00a0<\/div>\n<div style=\"text-align: justify;\">Las inscripciones se pueden hacer en el siguiente enlace <a href=\"https:\/\/forms.gle\/fKhEnFe2VEDhYkF9A\">https:\/\/forms.gle\/fKhEnFe2VEDhYkF9A<\/a>. Las plazas presenciales ser\u00e1n limitadas. Para m\u00e1s informaci\u00f3n sobre la jornada <a href=\"mailto:citateruel@cita-aragon.es\">citateruel@cita-aragon.es<\/a><\/div>\n<div style=\"text-align: justify;\">\u00a0<\/div>\n<div style=\"text-align: justify;\">\u00a0<\/div>\n","protected":false},"excerpt":{"rendered":"<p>El pr\u00f3ximo 28 de septiembre, de 17.00 a 19.00 horas, se celebra la jornada t\u00e9cnica VACAF\u00c9RTIL en modo presencial desde el Centro de Innovaci\u00f3n en Bioeconom\u00eda Rural de Teruel (CiTAte) y tambi\u00e9n en modalidad online. El enlace para participar en formato online del Centro de Investigaci\u00f3n y Tecnolog\u00eda Agroalimentaria de Arag\u00f3n (CITA) en Teruel se&hellip;<\/p>\n","protected":false},"author":3,"featured_media":0,"comment_status":"","ping_status":"closed","sticky":false,"template":"","format":"standard","meta":{"footnotes":""},"categories":[1],"tags":[128],"class_list":["post-3232","post","type-post","status-publish","format-standard","hentry","category-sin-categorizar","tag-unidad-de-produccion-y-sanidad-animal","category-1","description-off"],"_links":{"self":[{"href":"https:\/\/cita-aragon.es\/en\/wp-json\/wp\/v2\/posts\/3232"}],"collection":[{"href":"https:\/\/cita-aragon.es\/en\/wp-json\/wp\/v2\/posts"}],"about":[{"href":"https:\/\/cita-aragon.es\/en\/wp-json\/wp\/v2\/types\/post"}],"author":[{"embeddable":true,"href":"https:\/\/cita-aragon.es\/en\/wp-json\/wp\/v2\/users\/3"}],"replies":[{"embeddable":true,"href":"https:\/\/cita-aragon.es\/en\/wp-json\/wp\/v2\/comments?post=3232"}],"version-history":[{"count":0,"href":"https:\/\/cita-aragon.es\/en\/wp-json\/wp\/v2\/posts\/3232\/revisions"}],"wp:attachment":[{"href":"https:\/\/cita-aragon.es\/en\/wp-json\/wp\/v2\/media?parent=3232"}],"wp:term":[{"taxonomy":"category","embeddable":true,"href":"https:\/\/cita-aragon.es\/en\/wp-json\/wp\/v2\/categories?post=3232"},{"taxonomy":"post_tag","embeddable":true,"href":"https:\/\/cita-aragon.es\/en\/wp-json\/wp\/v2\/tags?post=3232"}],"curies":[{"name":"wp","href":"https:\/\/api.w.org\/{rel}","templated":true}]}}