{"id":299456,"date":"2022-08-21T07:54:43","date_gmt":"2022-08-21T05:54:43","guid":{"rendered":"http:\/\/cita-aragon.es\/?p=299456"},"modified":"2022-08-22T07:59:55","modified_gmt":"2022-08-22T05:59:55","slug":"el-cita-ha-presentado-proyectos-de-ciencia-vegetal-en-el-xxxi-congreso-internacional-horticola","status":"publish","type":"post","link":"https:\/\/cita-aragon.es\/en\/el-cita-ha-presentado-proyectos-de-ciencia-vegetal-en-el-xxxi-congreso-internacional-horticola\/","title":{"rendered":"El CITA ha presentado proyectos de ciencia vegetal en el XXXI Congreso Internacional Hort\u00edcola"},"content":{"rendered":"<p class=\"paragraph\">Investigadores del Departamento de Ciencia Vegetal del Centro de Investigaci\u00f3n y Tecnolog\u00eda Agroalimentaria de Arag\u00f3n (CITA) han presentado del 14 al 20 de agosto diversas comunicaciones orales y en formato flash-p\u00f3ster de sus proyectos en el XXXI Congreso Internacional Hort\u00edcola (IHC 2022) que se ha celebrado en Angers (Francia). Este encuentro ha reunido a investigadores de todo el mundo, ya que es el evento cient\u00edfico m\u00e1s importante que se organiza cada cuatro a\u00f1os relacionado con la horticultura bajo los auspicios de la Sociedad Internacional de Ciencia Hort\u00edcola (International Society for Horticultural Science, ISHS). El programa cient\u00edfico del congreso est\u00e1 estructurado en 25 simposios con conferencias magistrales, presentaciones orales y de p\u00f3ster electr\u00f3nico.<\/p>\n<p class=\"paragraph\">El CITA ha dado a conocer la comunicaci\u00f3n \u201cEvaluaci\u00f3n de la diversidad en el pardeamiento de la pulpa en colecciones de germoplasma de manzana mediante an\u00e1lisis de imagen\u201d (Assessment of flesh browning diversity in apple germplasm collections phenotyped by image analysis) en la que han intervenido Ana Pina, Francisco Javier Bielsa, Lourdes Castel, Patricia Irrisari y Pilar Errea del CITA junto con los investigadores de la Universidad P\u00fablica de Navarra (UPNA): Carlos Miranda Jim\u00e9nez, Julia Arellano, Ana Valencia, Jorge Urrestarazu, y L. Gonzaga Santesteban.<\/p>\n<p class=\"paragraph\">Tambi\u00e9n Ana Pina, Francisco Javier Bielsa, Patricia Irrisari, y Pilar Errea del CITA junto con Carlos Miranda, L Gonzaga Santesteban y Jorge Urrestarazu de la UPNA han presentado el p\u00f3ster \u201cExpresi\u00f3n diferencial de enzimas clave involucradas en el pardeamiento de la pulpa del manzano (Differential expression of key enzymes involved in fruit flesh browning in apple).<\/p>\n<p class=\"paragraph\">Erica Fad\u00f3n del CITA ha colaborado en la comunicaci\u00f3n de dos p\u00f3steres: \u201cRegulaci\u00f3n gen\u00e9tica y epigen\u00e9tica de la latencia de Prunus Avium L: Dise\u00f1o de un modelo conceptual\u201d (Genetic and epigenetic regulation of dormancy in Prunus Avium L.: Designing a conceptual model) con Esteban Soto, Eduardo Fern\u00e1ndez y Eike Luedeling de la Universidad de Bonn; y \u201cLa hipometilaci\u00f3n del ADN inducida por 5-azacitidina promueve la liberaci\u00f3n de latencia en Prunus Avium L. (DNA hypomethylation induced by 5-azacytidine promotes dormancy release in Prunus Avium L.) junto con Esteban Soto, Eduardo Fern\u00e1ndez, y Thorsten Kraska.<\/p>\n<p class=\"paragraph\">Igualmente se ha mostrado la comunicaci\u00f3n oral \u201cExplorando la diversidad europea de la zanahoria a trav\u00e9s de las asociaciones p\u00fablicas y privadas en el proyecto EVA Carrot\u201d (Exploring european carrot diversity through public private partnerships in EVA Carrot) en la que ha colaborado Cristina Mallor del CITA junto con los investigadores Emmanuel Geoffriau, Sandra Goritschnig, Paolo Pagan, Arnaud Thabuis , Juliette Chevalier, Annette H\u00e4gnefelt, Nicoletta Bertolin, Sylvia Salgon, Micha Groenewegen, Aur\u00e9lie Ingremeau, Paul Heuvelmans, Thomas Nothnagel, Violeta Lopes, y Charlotte Allender.<\/p>\n<p class=\"paragraph\">Juliana Navarro y David Gimeno del CITA junto con Azucena Gonz\u00e1lez Coloma del Instituto de Ciencias Agrarias (CSIC) han presentado la comunicaci\u00f3n oral \u201cCultivos de Plantas Arom\u00e1ticas y Medicinales en secano de Espa\u00f1a-Arag\u00f3n. Una alternativa para los agricultores\u201d (MAP crops in dryland of Aragon-Spain: an alternative to farmers) y el p\u00f3ster \u201cProducci\u00f3n de aceites esenciales de diferentes especies en dos localidades de Arag\u00f3n\u201d (Production of essential oils from different species in two localities of Arag\u00f3n). Adem\u00e1s, Juliana Navarro ha sido miembro del comit\u00e9 cient\u00edfico del simposio de plantas arom\u00e1ticas y medicinales que se ha celebrado en este congreso.<\/p>\n","protected":false},"excerpt":{"rendered":"<p>Investigadores del Departamento de Ciencia Vegetal del Centro de Investigaci\u00f3n y Tecnolog\u00eda Agroalimentaria de Arag\u00f3n (CITA) han presentado del 14 al 20 de agosto diversas comunicaciones orales y en formato flash-p\u00f3ster de sus proyectos en el XXXI Congreso Internacional Hort\u00edcola (IHC 2022) que se ha celebrado en Angers (Francia). Este encuentro ha reunido a investigadores&hellip;<\/p>\n","protected":false},"author":5,"featured_media":299457,"comment_status":"closed","ping_status":"closed","sticky":false,"template":"","format":"standard","meta":{"footnotes":""},"categories":[250,249],"tags":[270,241,310,261],"class_list":["post-299456","post","type-post","status-publish","format-standard","has-post-thumbnail","hentry","category-ciencia-vegetal-2","category-departamentos","tag-ciencia","tag-ciencia-vegetal","tag-horticola","tag-investigacion","category-250","category-249","description-off"],"_links":{"self":[{"href":"https:\/\/cita-aragon.es\/en\/wp-json\/wp\/v2\/posts\/299456"}],"collection":[{"href":"https:\/\/cita-aragon.es\/en\/wp-json\/wp\/v2\/posts"}],"about":[{"href":"https:\/\/cita-aragon.es\/en\/wp-json\/wp\/v2\/types\/post"}],"author":[{"embeddable":true,"href":"https:\/\/cita-aragon.es\/en\/wp-json\/wp\/v2\/users\/5"}],"replies":[{"embeddable":true,"href":"https:\/\/cita-aragon.es\/en\/wp-json\/wp\/v2\/comments?post=299456"}],"version-history":[{"count":1,"href":"https:\/\/cita-aragon.es\/en\/wp-json\/wp\/v2\/posts\/299456\/revisions"}],"predecessor-version":[{"id":299458,"href":"https:\/\/cita-aragon.es\/en\/wp-json\/wp\/v2\/posts\/299456\/revisions\/299458"}],"wp:featuredmedia":[{"embeddable":true,"href":"https:\/\/cita-aragon.es\/en\/wp-json\/wp\/v2\/media\/299457"}],"wp:attachment":[{"href":"https:\/\/cita-aragon.es\/en\/wp-json\/wp\/v2\/media?parent=299456"}],"wp:term":[{"taxonomy":"category","embeddable":true,"href":"https:\/\/cita-aragon.es\/en\/wp-json\/wp\/v2\/categories?post=299456"},{"taxonomy":"post_tag","embeddable":true,"href":"https:\/\/cita-aragon.es\/en\/wp-json\/wp\/v2\/tags?post=299456"}],"curies":[{"name":"wp","href":"https:\/\/api.w.org\/{rel}","templated":true}]}}