{"id":1012513,"date":"2026-04-29T08:36:10","date_gmt":"2026-04-29T06:36:10","guid":{"rendered":"https:\/\/cita-aragon.es\/?p=1012513"},"modified":"2026-04-29T08:36:10","modified_gmt":"2026-04-29T06:36:10","slug":"el-cita-se-suma-al-dia-de-la-fascinacion-de-las-plantas","status":"publish","type":"post","link":"https:\/\/cita-aragon.es\/en\/el-cita-se-suma-al-dia-de-la-fascinacion-de-las-plantas\/","title":{"rendered":"El CITA se suma al D\u00eda de la Fascinaci\u00f3n de las Plantas"},"content":{"rendered":"<p class=\"paragraph\">El Centro de Investigaci\u00f3n y Tecnolog\u00eda Agroalimentaria de Arag\u00f3n (CITA) se ha sumado un a\u00f1o m\u00e1s a la celebraci\u00f3n del D\u00eda de\u00a0de la Fascinaci\u00f3n de las Plantas , una iniciativa internacional promovida por la European Plant Science Organisation (EPSO), que tiene como objetivo acercar a la ciudadan\u00eda al conocimiento, cuidado y aprecio del mundo vegetal, as\u00ed como poner en valor el papel fundamental de las plantas en la alimentaci\u00f3n, el medio ambiente y la sostenibilidad.<\/p>\n<p class=\"paragraph\">En esta edici\u00f3n de 2026, que corresponde al octavo D\u00eda Internacional de la Fascinaci\u00f3n por las Plantas, el CITA ha organizado diversas actividades divulgativas a las que han asistido alumnado del CPIFP de Movera y del Centro de Formaci\u00f3n R\u00edo G\u00e1llego de Zaragoza Din\u00e1mica. A trav\u00e9s de propuestas participativas y experimentales, se pretende mostrar la relevancia de la biodiversidad agr\u00edcola, la ciencia vegetal y la investigaci\u00f3n aplicada al sector agroalimentario, fomentando adem\u00e1s las vocaciones cient\u00edficas entre los m\u00e1s j\u00f3venes.<\/p>\n<p class=\"paragraph\">Las actividades han sido organizadas por investigadoras e investigadores del Departamento de Ciencia Vegetal del CITA y abordan distintas \u00e1reas de inter\u00e9s relacionadas con la producci\u00f3n vegetal, la sostenibilidad y la interacci\u00f3n entre plantas y su entorno.<\/p>\n<p class=\"paragraph\">Ana Garc\u00e9s Claver, jefa del Departamento de Ciencia Vegetal del CITA, ha destacado que \u00abel D\u00eda de la Fascinaci\u00f3n de las Plantas es una oportunidad clave para acercar la investigaci\u00f3n vegetal a la sociedad desde la experiencia directa. A trav\u00e9s de actividades participativas, mostramos c\u00f3mo las plantas est\u00e1n en la base de la agricultura sostenible, la alimentaci\u00f3n y el cuidado del entorno, despertando adem\u00e1s la curiosidad cient\u00edfica entre los m\u00e1s j\u00f3venes\u00bb.<\/p>\n<p class=\"paragraph\"><em><strong>Actividades programadas<\/strong><\/em><\/p>\n<p class=\"paragraph\"><strong>Desaf\u00edo cucurbit\u00e1ceas<\/strong><\/p>\n<p class=\"paragraph\">Una propuesta l\u00fadica centrada en la identificaci\u00f3n de semillas de cucurbit\u00e1ceas como mel\u00f3n, sand\u00eda o calabaza. A trav\u00e9s de un juego de observaci\u00f3n, los participantes deber\u00e1n relacionar semillas con im\u00e1genes de sus frutos y su nombre cient\u00edfico, descubriendo que muchas de ellas, aunque aparentemente similares, presentan diferencias clave.<\/p>\n<p class=\"paragraph\"><em>Proyecto<\/em>: WAMEDISS (PID2023-151202OB-C22)<\/p>\n<p class=\"paragraph\"><em>Organizadoras:<\/em> Imen Mtar, Oreto Fayos Avell\u00e1n, Elena Iniesta y Ana Garc\u00e9s Claver.<\/p>\n<p class=\"paragraph\"><strong>Menos turba, m\u00e1s alternativas: experimenta con sustratos para semilleros<\/strong><\/p>\n<p class=\"paragraph\">Actividad participativa en la que los asistentes explorar\u00e1n, mediante el tacto y sencillos experimentos, distintos sustratos utilizados en semilleros hort\u00edcolas. El objetivo es comprender la importancia de emplear sustratos equilibrados con bajo contenido en turba y sostenibles para el buen desarrollo de los cultivos.<\/p>\n<p class=\"paragraph\"><em>Proyecto<\/em>: Horizonte Europa PEATLESS (101216569)<\/p>\n<p class=\"paragraph\"><em>Organizadoras:\u00a0<\/em>Oreto Fayos Avell\u00e1n, In\u00e9s Medina Lozano y Ana Garc\u00e9s Claver.<\/p>\n<p class=\"paragraph\"><strong>El perfume secreto de las plantas<\/strong><\/p>\n<p class=\"paragraph\">Una experiencia sensorial que invita a descubrir el mundo vegetal a trav\u00e9s del olfato. El alumnado trabaja en peque\u00f1os grupos con muestras de aceites esenciales, describiendo aromas, sensaciones y recuerdos, y relacion\u00e1ndolos posteriormente con la planta de origen. La actividad permite comprender el papel de los compuestos arom\u00e1ticos en la estrategia vital de las plantas.<\/p>\n<p class=\"paragraph\"><em>Proyectos:\u00a0<\/em>AROMATIC (GOP2024001300) y GESTES (EFA107\/1)<\/p>\n<p class=\"paragraph\"><em>Organizadoras:\u00a0<\/em>Raquel Lacasta Arrieta y Juliana Navarro Rocha.<\/p>\n<p class=\"paragraph\"><strong>Descubriendo el fascinante mundo de la trufa<\/strong><\/p>\n<p class=\"paragraph\">Actividad divulgativa centrada en el ecosistema de la trufa y su relaci\u00f3n con las plantas, poniendo especial atenci\u00f3n en la micorriza como zona de intercambio entre hongo y planta. Mediante lupas, los participantes podr\u00e1n observar micorrizas, esporas de trufa y otros microorganismos del suelo.<\/p>\n<p class=\"paragraph\"><em>Proyecto:<\/em>\u00a0BOUQUET (PID2022-139407OR-I00)<\/p>\n<p class=\"paragraph\"><em>Organizadores:\u00a0<\/em>Mar\u00eda Jos\u00e9 Reina Garc\u00eda, Raquel Lacasta Arrieta, Sergio S\u00e1nchez Dur\u00e1n y Pedro Marco Montori.<\/p>\n<p class=\"paragraph\"><strong>Ajustando el riego con im\u00e1genes para unas plantas fascinantes<\/strong><\/p>\n<p class=\"paragraph\">Actividad en la que los participantes conocer\u00e1n c\u00f3mo con im\u00e1genes procedentes de diferentes sensores, c\u00e1maras e im\u00e1genes de sat\u00e9lite, es posible determinar cu\u00e1ndo y cu\u00e1nto regar. Aprender\u00e1n a interpretar im\u00e1genes y datos derivados de ellas.<\/p>\n<p class=\"paragraph\"><em>Proyecto:<\/em>\u00a0LAIKcA Ref: PID2021-124029OR-I00<\/p>\n<p class=\"paragraph\"><em>Organizadores<\/em>: Raquel Salvador, Auxi Casterad, Alexey Valero y M\u00f3nica Guill\u00e9n<\/p>\n<p class=\"paragraph\"><strong>Una iniciativa internacional<\/strong><\/p>\n<p class=\"paragraph\">El D\u00eda Internacional de la Fascinaci\u00f3n por las Plantas, que se celebra cada a\u00f1o el 18 de mayo en m\u00e1s de 60 pa\u00edses, persigue despertar el inter\u00e9s del p\u00fablico por la ciencia de las plantas y concienciar sobre su importancia para la agricultura, la producci\u00f3n sostenible de alimentos, la silvicultura, la horticultura y otros sectores clave como la obtenci\u00f3n de materiales, energ\u00eda o productos farmac\u00e9uticos.<\/p>\n<p class=\"paragraph\">Con su participaci\u00f3n, el CITA reafirma su compromiso con la divulgaci\u00f3n cient\u00edfica, la educaci\u00f3n y la transferencia de conocimiento a la sociedad, contribuyendo a que las plantas y la investigaci\u00f3n vegetal ocupen el lugar central que les corresponde en los retos alimentarios y ambientales del siglo XXI.<\/p>\n\n\t\t\t<style type='text\/css'>\n\t\t\t\t#gallery-1 {\n\t\t\t\t\tmargin: auto;\n\t\t\t\t}\n\t\t\t\t#gallery-1 .gallery-item {\n\t\t\t\t\tfloat: left;\n\t\t\t\t\tmargin-top: 10px;\n\t\t\t\t\ttext-align: center;\n\t\t\t\t\twidth: 33%;\n\t\t\t\t}\n\t\t\t\t#gallery-1 img {\n\t\t\t\t\tborder: 2px solid #cfcfcf;\n\t\t\t\t}\n\t\t\t\t#gallery-1 .gallery-caption {\n\t\t\t\t\tmargin-left: 0;\n\t\t\t\t}\n\t\t\t\t\/* see gallery_shortcode() in wp-includes\/media.php *\/\n\t\t\t<\/style>\n\t\t<div id='gallery-1' class='dt-gallery-container gallery galleryid-1012513 gallery-columns-3 gallery-size-full'><dl class='gallery-item'>\n\t\t\t\t<dt class='gallery-icon landscape'>\n\t\t\t\t\t<a class=\"rollover\" href='https:\/\/cita-aragon.es\/en\/20260428_122408-2\/'><img loading=\"lazy\" decoding=\"async\" width=\"2560\" height=\"1920\" src=\"https:\/\/cita-aragon.es\/wp-content\/uploads\/20260428_122408-scaled.jpg\" class=\"attachment-full size-full\" alt=\"\" srcset=\"https:\/\/cita-aragon.es\/wp-content\/uploads\/20260428_122408-scaled.jpg 2560w, https:\/\/cita-aragon.es\/wp-content\/uploads\/20260428_122408-400x300.jpg 400w, https:\/\/cita-aragon.es\/wp-content\/uploads\/20260428_122408-1024x768.jpg 1024w, https:\/\/cita-aragon.es\/wp-content\/uploads\/20260428_122408-768x576.jpg 768w, https:\/\/cita-aragon.es\/wp-content\/uploads\/20260428_122408-1536x1152.jpg 1536w, https:\/\/cita-aragon.es\/wp-content\/uploads\/20260428_122408-2048x1536.jpg 2048w\" sizes=\"(max-width: 2560px) 100vw, 2560px\" \/><\/a>\n\t\t\t\t<\/dt><\/dl><dl class='gallery-item'>\n\t\t\t\t<dt class='gallery-icon landscape'>\n\t\t\t\t\t<a class=\"rollover\" href='https:\/\/cita-aragon.es\/en\/menos-turba-mas-alternativas-experimenta-con-sustratos-para-semilleros-2\/'><img loading=\"lazy\" decoding=\"async\" width=\"2560\" height=\"1920\" src=\"https:\/\/cita-aragon.es\/wp-content\/uploads\/Menos-turba-mas-alternativas-experimenta-con-sustratos-para-semilleros-scaled.jpg\" class=\"attachment-full size-full\" alt=\"\" srcset=\"https:\/\/cita-aragon.es\/wp-content\/uploads\/Menos-turba-mas-alternativas-experimenta-con-sustratos-para-semilleros-scaled.jpg 2560w, https:\/\/cita-aragon.es\/wp-content\/uploads\/Menos-turba-mas-alternativas-experimenta-con-sustratos-para-semilleros-400x300.jpg 400w, https:\/\/cita-aragon.es\/wp-content\/uploads\/Menos-turba-mas-alternativas-experimenta-con-sustratos-para-semilleros-1024x768.jpg 1024w, https:\/\/cita-aragon.es\/wp-content\/uploads\/Menos-turba-mas-alternativas-experimenta-con-sustratos-para-semilleros-768x576.jpg 768w, https:\/\/cita-aragon.es\/wp-content\/uploads\/Menos-turba-mas-alternativas-experimenta-con-sustratos-para-semilleros-1536x1152.jpg 1536w, https:\/\/cita-aragon.es\/wp-content\/uploads\/Menos-turba-mas-alternativas-experimenta-con-sustratos-para-semilleros-2048x1536.jpg 2048w\" sizes=\"(max-width: 2560px) 100vw, 2560px\" \/><\/a>\n\t\t\t\t<\/dt><\/dl><dl class='gallery-item'>\n\t\t\t\t<dt class='gallery-icon landscape'>\n\t\t\t\t\t<a class=\"rollover\" href='https:\/\/cita-aragon.es\/en\/el-perfume-secreto-de-las-plantas-2\/'><img loading=\"lazy\" decoding=\"async\" width=\"2560\" height=\"1920\" src=\"https:\/\/cita-aragon.es\/wp-content\/uploads\/El-perfume-secreto-de-las-plantas-scaled.jpg\" class=\"attachment-full size-full\" alt=\"\" srcset=\"https:\/\/cita-aragon.es\/wp-content\/uploads\/El-perfume-secreto-de-las-plantas-scaled.jpg 2560w, https:\/\/cita-aragon.es\/wp-content\/uploads\/El-perfume-secreto-de-las-plantas-400x300.jpg 400w, https:\/\/cita-aragon.es\/wp-content\/uploads\/El-perfume-secreto-de-las-plantas-1024x768.jpg 1024w, https:\/\/cita-aragon.es\/wp-content\/uploads\/El-perfume-secreto-de-las-plantas-768x576.jpg 768w, https:\/\/cita-aragon.es\/wp-content\/uploads\/El-perfume-secreto-de-las-plantas-1536x1152.jpg 1536w, https:\/\/cita-aragon.es\/wp-content\/uploads\/El-perfume-secreto-de-las-plantas-2048x1536.jpg 2048w\" sizes=\"(max-width: 2560px) 100vw, 2560px\" \/><\/a>\n\t\t\t\t<\/dt><\/dl><br style=\"clear: both\" \/><dl class='gallery-item'>\n\t\t\t\t<dt class='gallery-icon portrait'>\n\t\t\t\t\t<a class=\"rollover\" href='https:\/\/cita-aragon.es\/en\/descubriendo-el-fascinante-mundo-de-la-trufa-2\/'><img loading=\"lazy\" decoding=\"async\" width=\"1920\" height=\"2560\" src=\"https:\/\/cita-aragon.es\/wp-content\/uploads\/Descubriendo-el-fascinante-mundo-de-la-trufa-scaled.jpg\" class=\"attachment-full size-full\" alt=\"\" srcset=\"https:\/\/cita-aragon.es\/wp-content\/uploads\/Descubriendo-el-fascinante-mundo-de-la-trufa-scaled.jpg 1920w, https:\/\/cita-aragon.es\/wp-content\/uploads\/Descubriendo-el-fascinante-mundo-de-la-trufa-300x400.jpg 300w, https:\/\/cita-aragon.es\/wp-content\/uploads\/Descubriendo-el-fascinante-mundo-de-la-trufa-768x1024.jpg 768w, https:\/\/cita-aragon.es\/wp-content\/uploads\/Descubriendo-el-fascinante-mundo-de-la-trufa-1152x1536.jpg 1152w, https:\/\/cita-aragon.es\/wp-content\/uploads\/Descubriendo-el-fascinante-mundo-de-la-trufa-1536x2048.jpg 1536w\" sizes=\"(max-width: 1920px) 100vw, 1920px\" \/><\/a>\n\t\t\t\t<\/dt><\/dl><dl class='gallery-item'>\n\t\t\t\t<dt class='gallery-icon portrait'>\n\t\t\t\t\t<a class=\"rollover\" href='https:\/\/cita-aragon.es\/en\/20260428_104522-2\/'><img loading=\"lazy\" decoding=\"async\" width=\"1920\" height=\"2560\" src=\"https:\/\/cita-aragon.es\/wp-content\/uploads\/20260428_104522-scaled.jpg\" class=\"attachment-full size-full\" alt=\"\" srcset=\"https:\/\/cita-aragon.es\/wp-content\/uploads\/20260428_104522-scaled.jpg 1920w, https:\/\/cita-aragon.es\/wp-content\/uploads\/20260428_104522-300x400.jpg 300w, https:\/\/cita-aragon.es\/wp-content\/uploads\/20260428_104522-768x1024.jpg 768w, https:\/\/cita-aragon.es\/wp-content\/uploads\/20260428_104522-1152x1536.jpg 1152w, https:\/\/cita-aragon.es\/wp-content\/uploads\/20260428_104522-1536x2048.jpg 1536w\" sizes=\"(max-width: 1920px) 100vw, 1920px\" \/><\/a>\n\t\t\t\t<\/dt><\/dl><dl class='gallery-item'>\n\t\t\t\t<dt class='gallery-icon portrait'>\n\t\t\t\t\t<a class=\"rollover\" href='https:\/\/cita-aragon.es\/en\/ajustando-el-riego-con-imagenes-para-unas-plantas-fascinantes-2\/'><img loading=\"lazy\" decoding=\"async\" width=\"1920\" height=\"2560\" src=\"https:\/\/cita-aragon.es\/wp-content\/uploads\/Ajustando-el-riego-con-imagenes-para-unas-plantas-fascinantes-scaled.jpg\" class=\"attachment-full size-full\" alt=\"\" srcset=\"https:\/\/cita-aragon.es\/wp-content\/uploads\/Ajustando-el-riego-con-imagenes-para-unas-plantas-fascinantes-scaled.jpg 1920w, https:\/\/cita-aragon.es\/wp-content\/uploads\/Ajustando-el-riego-con-imagenes-para-unas-plantas-fascinantes-300x400.jpg 300w, https:\/\/cita-aragon.es\/wp-content\/uploads\/Ajustando-el-riego-con-imagenes-para-unas-plantas-fascinantes-768x1024.jpg 768w, https:\/\/cita-aragon.es\/wp-content\/uploads\/Ajustando-el-riego-con-imagenes-para-unas-plantas-fascinantes-1152x1536.jpg 1152w, https:\/\/cita-aragon.es\/wp-content\/uploads\/Ajustando-el-riego-con-imagenes-para-unas-plantas-fascinantes-1536x2048.jpg 1536w\" sizes=\"(max-width: 1920px) 100vw, 1920px\" \/><\/a>\n\t\t\t\t<\/dt><\/dl><br style=\"clear: both\" \/><dl class='gallery-item'>\n\t\t\t\t<dt class='gallery-icon landscape'>\n\t\t\t\t\t<a class=\"rollover\" href='https:\/\/cita-aragon.es\/en\/desafio-cucurbitaceas-2\/'><img loading=\"lazy\" decoding=\"async\" width=\"2560\" height=\"1920\" src=\"https:\/\/cita-aragon.es\/wp-content\/uploads\/Desafio-cucurbitaceas-scaled.jpg\" class=\"attachment-full size-full\" alt=\"\" srcset=\"https:\/\/cita-aragon.es\/wp-content\/uploads\/Desafio-cucurbitaceas-scaled.jpg 2560w, https:\/\/cita-aragon.es\/wp-content\/uploads\/Desafio-cucurbitaceas-400x300.jpg 400w, https:\/\/cita-aragon.es\/wp-content\/uploads\/Desafio-cucurbitaceas-1024x768.jpg 1024w, https:\/\/cita-aragon.es\/wp-content\/uploads\/Desafio-cucurbitaceas-768x576.jpg 768w, https:\/\/cita-aragon.es\/wp-content\/uploads\/Desafio-cucurbitaceas-1536x1152.jpg 1536w, https:\/\/cita-aragon.es\/wp-content\/uploads\/Desafio-cucurbitaceas-2048x1536.jpg 2048w\" sizes=\"(max-width: 2560px) 100vw, 2560px\" \/><\/a>\n\t\t\t\t<\/dt><\/dl><dl class='gallery-item'>\n\t\t\t\t<dt class='gallery-icon landscape'>\n\t\t\t\t\t<a class=\"rollover\" href='https:\/\/cita-aragon.es\/en\/20260428_103359-2\/'><img loading=\"lazy\" decoding=\"async\" width=\"2560\" height=\"1920\" src=\"https:\/\/cita-aragon.es\/wp-content\/uploads\/20260428_103359-scaled.jpg\" class=\"attachment-full size-full\" alt=\"\" srcset=\"https:\/\/cita-aragon.es\/wp-content\/uploads\/20260428_103359-scaled.jpg 2560w, https:\/\/cita-aragon.es\/wp-content\/uploads\/20260428_103359-400x300.jpg 400w, https:\/\/cita-aragon.es\/wp-content\/uploads\/20260428_103359-1024x768.jpg 1024w, https:\/\/cita-aragon.es\/wp-content\/uploads\/20260428_103359-768x576.jpg 768w, https:\/\/cita-aragon.es\/wp-content\/uploads\/20260428_103359-1536x1152.jpg 1536w, https:\/\/cita-aragon.es\/wp-content\/uploads\/20260428_103359-2048x1536.jpg 2048w\" sizes=\"(max-width: 2560px) 100vw, 2560px\" \/><\/a>\n\t\t\t\t<\/dt><\/dl><dl class='gallery-item'>\n\t\t\t\t<dt class='gallery-icon landscape'>\n\t\t\t\t\t<a class=\"rollover\" href='https:\/\/cita-aragon.es\/en\/20260428_104653-2\/'><img loading=\"lazy\" decoding=\"async\" width=\"2560\" height=\"1920\" src=\"https:\/\/cita-aragon.es\/wp-content\/uploads\/20260428_104653-scaled.jpg\" class=\"attachment-full size-full\" alt=\"\" srcset=\"https:\/\/cita-aragon.es\/wp-content\/uploads\/20260428_104653-scaled.jpg 2560w, https:\/\/cita-aragon.es\/wp-content\/uploads\/20260428_104653-400x300.jpg 400w, https:\/\/cita-aragon.es\/wp-content\/uploads\/20260428_104653-1024x768.jpg 1024w, https:\/\/cita-aragon.es\/wp-content\/uploads\/20260428_104653-768x576.jpg 768w, https:\/\/cita-aragon.es\/wp-content\/uploads\/20260428_104653-1536x1152.jpg 1536w, https:\/\/cita-aragon.es\/wp-content\/uploads\/20260428_104653-2048x1536.jpg 2048w\" sizes=\"(max-width: 2560px) 100vw, 2560px\" \/><\/a>\n\t\t\t\t<\/dt><\/dl><br style=\"clear: both\" \/>\n\t\t\t<\/div>\n\n","protected":false},"excerpt":{"rendered":"<p>El Centro de Investigaci\u00f3n y Tecnolog\u00eda Agroalimentaria de Arag\u00f3n (CITA) se ha sumado un a\u00f1o m\u00e1s a la celebraci\u00f3n del D\u00eda de\u00a0de la Fascinaci\u00f3n de las Plantas , una iniciativa internacional promovida por la European Plant Science Organisation (EPSO), que tiene como objetivo acercar a la ciudadan\u00eda al conocimiento, cuidado y aprecio del mundo vegetal,&hellip;<\/p>\n","protected":false},"author":5,"featured_media":1012528,"comment_status":"closed","ping_status":"closed","sticky":false,"template":"","format":"standard","meta":{"footnotes":""},"categories":[250,41],"tags":[952,951,137,758,953,836,761],"class_list":["post-1012513","post","type-post","status-publish","format-standard","has-post-thumbnail","hentry","category-ciencia-vegetal-2","category-recursos-forestales","tag-aromatic","tag-bouquet","tag-dia-de-la-fascinacion-de-las-plantas","tag-gestes","tag-laikca","tag-peatless","tag-wamediss","category-250","category-41","description-off"],"_links":{"self":[{"href":"https:\/\/cita-aragon.es\/en\/wp-json\/wp\/v2\/posts\/1012513"}],"collection":[{"href":"https:\/\/cita-aragon.es\/en\/wp-json\/wp\/v2\/posts"}],"about":[{"href":"https:\/\/cita-aragon.es\/en\/wp-json\/wp\/v2\/types\/post"}],"author":[{"embeddable":true,"href":"https:\/\/cita-aragon.es\/en\/wp-json\/wp\/v2\/users\/5"}],"replies":[{"embeddable":true,"href":"https:\/\/cita-aragon.es\/en\/wp-json\/wp\/v2\/comments?post=1012513"}],"version-history":[{"count":1,"href":"https:\/\/cita-aragon.es\/en\/wp-json\/wp\/v2\/posts\/1012513\/revisions"}],"predecessor-version":[{"id":1012536,"href":"https:\/\/cita-aragon.es\/en\/wp-json\/wp\/v2\/posts\/1012513\/revisions\/1012536"}],"wp:featuredmedia":[{"embeddable":true,"href":"https:\/\/cita-aragon.es\/en\/wp-json\/wp\/v2\/media\/1012528"}],"wp:attachment":[{"href":"https:\/\/cita-aragon.es\/en\/wp-json\/wp\/v2\/media?parent=1012513"}],"wp:term":[{"taxonomy":"category","embeddable":true,"href":"https:\/\/cita-aragon.es\/en\/wp-json\/wp\/v2\/categories?post=1012513"},{"taxonomy":"post_tag","embeddable":true,"href":"https:\/\/cita-aragon.es\/en\/wp-json\/wp\/v2\/tags?post=1012513"}],"curies":[{"name":"wp","href":"https:\/\/api.w.org\/{rel}","templated":true}]}}